{"id":870,"date":"2025-04-02T01:07:11","date_gmt":"2025-04-02T01:07:11","guid":{"rendered":"https:\/\/www.europesays.com\/fr\/870\/"},"modified":"2025-04-02T01:07:11","modified_gmt":"2025-04-02T01:07:11","slug":"lechec-spectaculaire-de-la-fusee-allemande-disar-aerospace-un-avertissement-pour-les-microlanceurs-europeens","status":"publish","type":"post","link":"https:\/\/www.europesays.com\/fr\/870\/","title":{"rendered":"L\u2019\u00e9chec spectaculaire de la fus\u00e9e allemande d\u2019Isar Aerospace, un avertissement pour les microlanceurs europ\u00e9ens"},"content":{"rendered":"<p>&#13;<br \/>\n\tLe vol de cette fus\u00e9e aux dimensions r\u00e9duites, tir\u00e9e \u00e0 12h30 depuis la base spatiale d\u2019And\u00f8ya en Norv\u00e8ge, a vite tourn\u00e9 au fiasco. Vingt secondes apr\u00e8s son lancement, elle est visiblement sortie de la trajectoire pr\u00e9vue, loin de la verticalit\u00e9 attendue. Apr\u00e8s une oscillation plus marqu\u00e9e dans un sens puis dans un autre, elle a fini par pivoter compl\u00e8tement et pointer vers la Terre. Moteurs \u00e9teints, elle s\u2019est \u00e9cras\u00e9e quelques secondes plus tard dans la mer jouxtant la base, dans un impressionnant panache de fum\u00e9e et de flammes.<\/p>\n<p>&#13;<br \/>\n\tCe vol de moins de 30 secondes \u00aba permis \u00e0 l&rsquo;entreprise d&rsquo;accumuler une quantit\u00e9 consid\u00e9rable de donn\u00e9es et d&rsquo;exp\u00e9rience \u00e0 exploiter lors de futures missions\u00bb, a comment\u00e9 la soci\u00e9t\u00e9 dans son communiqu\u00e9 diffus\u00e9 apr\u00e8s cette premi\u00e8re tentative. Bas\u00e9e \u00e0 Munich, Isar Aerospace fait partie de cette nouvelle cohorte de soci\u00e9t\u00e9s positionn\u00e9es sur le segment des microlanceurs. Il s\u2019agit de fus\u00e9es capables de mettre des charges de l\u2019ordre d\u2019une tonne en orbite basse, soit 20 fois moins environ qu\u2019une fus\u00e9e comme Ariane 6 ou la Falcon 9 de SpaceX.<\/p>\n<p>&#13;<br \/>\n\tLeur avantage : pour un lancement moins cher, ces lanceurs permettent de compl\u00e9ter une constellation en d\u00e9posant une poign\u00e9e de satellites sur des plans orbitaux pr\u00e9cis ou faire des remplacements ponctuels d&rsquo;appareils d\u00e9sorbit\u00e9s pour une raison ou une autre (panne technique, ergols \u00e9puis\u00e9s, fin de vie\u2026). Ils sont par contre moins adapt\u00e9s que les gros lanceurs pour la mise sur orbite de plusieurs dizaines de satellites simultan\u00e9ment.<\/p>\n<p>&#13;<\/p>\n<p>&#13;\n\t\t<\/p>\n<p>&#13;<\/p>\n<p>&#13;<br \/>\n\tLes exemplaires n\u00b02 et n\u00b03 d\u00e9j\u00e0 produits<\/p>\n<p>&#13;<br \/>\n\tL\u2019\u00e9chec d\u2019Isar Aerospace rappelle que la technologie spatiale est loin d\u2019\u00eatre triviale : selon les statistiques, le vol inaugural d\u2019un nouveau lanceur a 50% de chance de succ\u00e8s. Cela est notamment d\u00fb au fait que les soci\u00e9t\u00e9s qui produisent des microlanceurs sont souvent tr\u00e8s int\u00e9gr\u00e9es verticalement : elles d\u00e9veloppent \u00e0 la fois les diff\u00e9rents \u00e9tages, la coiffe et les moteurs. Autant de d\u00e9fis technologiques&#8230; Qu&rsquo;il faut souvent relever dans des d\u00e9lais tr\u00e8s courts. \u00abAu cours des sept derni\u00e8res ann\u00e9es, Isar Aerospace a con\u00e7u, d\u00e9velopp\u00e9 et construit son propre lanceur Spectrum \u00e0 partir d\u2019une feuille blanche\u00bb, se f\u00e9licite la soci\u00e9t\u00e9 allemande, faisant valoir une \u00abcr\u00e9ation de valeur quasi-int\u00e9grale en interne\u00bb. <\/p>\n<p>&#13;<br \/>\n\tReste que cet essai manqu\u00e9 sonne comme un avertissement pour <a href=\"https:\/\/www.usinenouvelle.com\/article\/le-developpement-des-minilanceurs-un-pari-existentiel-pour-l-europe.N2212376\" rel=\"nofollow noopener\" target=\"_blank\">tous les autres microlanceurs qui ont pr\u00e9vu d\u2019effectuer leur premier vol orbital dans les 24 \u00e0 36 mois.<\/a> Parmi eux : les fran\u00e7ais MaiaSpace, Latitude, Sirius et HyPrSpace, l\u2019espagnol PLD Space, le britannique Orbex ainsi que les allemands Rocket Factory Augsburg et HyImpulse. Un avertissement d&rsquo;autant plus important qu\u2019Isar Aerospace pr\u00e9sentait l\u2019un des dossiers les plus solides du newspace aux yeux des investisseurs. Depuis sa cr\u00e9ation en 2018, la soci\u00e9t\u00e9 a lev\u00e9 environ 400 millions d\u2019euros et compte environ 400 salari\u00e9s.<\/p>\n<p>&#13;<br \/>\n\tSurtout que chaque lancement est scrut\u00e9 de pr\u00e8s. L\u2019agence spatiale europ\u00e9enne (ESA) a lanc\u00e9 le 24 mars une comp\u00e9tition entre les diff\u00e9rents projets de microlanceurs europ\u00e9ens, \u00e0 travers la proc\u00e9dure dite de l\u2019European launcher challenge. Les deux ou trois gagnants de ce processus se verront accorder un financement de l\u2019ordre de 150 millions d\u2019euros. Les exemplaires n\u00b02 et n\u00b03 de Spectrum, d\u00e9j\u00e0 construits, sont autant d&rsquo;essais suppl\u00e9mentaires pour se d\u00e9marquer.<\/p>\n","protected":false},"excerpt":{"rendered":"&#13; Le vol de cette fus\u00e9e aux dimensions r\u00e9duites, tir\u00e9e \u00e0 12h30 depuis la base spatiale d\u2019And\u00f8ya en&hellip;\n","protected":false},"author":2,"featured_media":871,"comment_status":"","ping_status":"","sticky":false,"template":"","format":"standard","meta":{"footnotes":""},"categories":[6],"tags":[670,672,35,33,34,674,27,673,671,675,133],"class_list":{"0":"post-870","1":"post","2":"type-post","3":"status-publish","4":"format-standard","5":"has-post-thumbnail","7":"category-economie","8":"tag-aero-spatial","9":"tag-allemagne","10":"tag-business","11":"tag-economie","12":"tag-economy","13":"tag-europe","14":"tag-france","15":"tag-norvege","16":"tag-spatial","17":"tag-start-up","18":"tag-video"},"share_on_mastodon":{"url":"https:\/\/pubeurope.com\/@fr\/114265695410736434","error":""},"_links":{"self":[{"href":"https:\/\/www.europesays.com\/fr\/wp-json\/wp\/v2\/posts\/870","targetHints":{"allow":["GET"]}}],"collection":[{"href":"https:\/\/www.europesays.com\/fr\/wp-json\/wp\/v2\/posts"}],"about":[{"href":"https:\/\/www.europesays.com\/fr\/wp-json\/wp\/v2\/types\/post"}],"author":[{"embeddable":true,"href":"https:\/\/www.europesays.com\/fr\/wp-json\/wp\/v2\/users\/2"}],"replies":[{"embeddable":true,"href":"https:\/\/www.europesays.com\/fr\/wp-json\/wp\/v2\/comments?post=870"}],"version-history":[{"count":0,"href":"https:\/\/www.europesays.com\/fr\/wp-json\/wp\/v2\/posts\/870\/revisions"}],"wp:featuredmedia":[{"embeddable":true,"href":"https:\/\/www.europesays.com\/fr\/wp-json\/wp\/v2\/media\/871"}],"wp:attachment":[{"href":"https:\/\/www.europesays.com\/fr\/wp-json\/wp\/v2\/media?parent=870"}],"wp:term":[{"taxonomy":"category","embeddable":true,"href":"https:\/\/www.europesays.com\/fr\/wp-json\/wp\/v2\/categories?post=870"},{"taxonomy":"post_tag","embeddable":true,"href":"https:\/\/www.europesays.com\/fr\/wp-json\/wp\/v2\/tags?post=870"}],"curies":[{"name":"wp","href":"https:\/\/api.w.org\/{rel}","templated":true}]}}