{"id":870086,"date":"2026-04-15T05:55:23","date_gmt":"2026-04-15T05:55:23","guid":{"rendered":"https:\/\/www.europesays.com\/fr\/870086\/"},"modified":"2026-04-15T05:55:23","modified_gmt":"2026-04-15T05:55:23","slug":"montevrain-le-chantier-du-futur-lycee-samuel-paty-inaugure","status":"publish","type":"post","link":"https:\/\/www.europesays.com\/fr\/870086\/","title":{"rendered":"Mont\u00e9vrain : le chantier du futur lyc\u00e9e Samuel Paty inaugur\u00e9"},"content":{"rendered":"<p><img loading=\"lazy\" decoding=\"async\" alt=\"\u00a9 R\u00e9gion IDF - Le lyc\u00e9e Samuel Paty ouvrira ses portes \u00e0 Mont\u00e9vrain \u00e0 l'occasion de la rentr\u00e9e scolaire 2027.\" data-zoom-src=\"https:\/\/www.europesays.com\/fr\/wp-content\/uploads\/2026\/04\/initial-travaux-3-lycee-samuel-paty.jpg\" data-zoomable=\"\" height=\"702\" src=\"https:\/\/www.europesays.com\/fr\/wp-content\/uploads\/2026\/04\/initial-travaux-3-lycee-samuel-paty.jpg\" width=\"1248\"\/>  <\/p>\n<p class=\"article-desc\">\u00a9 R\u00e9gion IDF &#8211; Le lyc\u00e9e Samuel Paty ouvrira ses portes \u00e0 Mont\u00e9vrain \u00e0 l&rsquo;occasion de la rentr\u00e9e scolaire 2027. <\/p>\n<p>Pour la premi\u00e8re fois en France, <strong>un lyc\u00e9e<\/strong> va porter le nom de <a href=\"https:\/\/mesinfos.fr\/75000-paris\/les-auteurs-de-la-fatwa-numerique-contre-samuel-paty-de-nouveau-condamnes-241113.html\" rel=\"noopener nofollow\" target=\"_blank\">Samuel Paty<\/a>, ce <strong>professeur <\/strong>d\u2019histoire-g\u00e9ographie <a href=\"https:\/\/mesinfos.fr\/75000-paris\/assassinat-de-samuel-paty-un-verdict-plus-lourd-que-les-requisitions-213161.html\" rel=\"noopener nofollow\" target=\"_blank\">assassin\u00e9 lors d\u2019un attentat terroriste<\/a> le 16 octobre 2020 \u00e0 Conflans-Sainte-Honorine (Yvelines). Ce futur lyc\u00e9e sera implant\u00e9 \u00e0 <strong>Mont\u00e9vrain <\/strong>(Seine-et-Marne). <\/p>\n<p><strong>Val\u00e9rie P\u00e9cresse,<\/strong> pr\u00e9sidente (Les R\u00e9publicains) de la R\u00e9gion \u00cele-de-France, et <a href=\"https:\/\/mesinfos.fr\/77130-montereau-fault-yonne\/municipales-2026-a-montereau-james-cheron-repart-au-combat-240531.html\" rel=\"noopener nofollow\" target=\"_blank\">James Ch\u00e9ron<\/a>, maire (UDI) de Montereau-Fault-Yonne et vice-pr\u00e9sident de la R\u00e9gion charg\u00e9 des lyc\u00e9es, \u00e9taient pr\u00e9sents \u00e0 Mont\u00e9vrain, jeudi 9 avril, pour assister \u00e0 la pose de la <strong>premi\u00e8re pierre.<\/strong><\/p>\n<p> Le futur lyc\u00e9e Samuel Paty comptera 1 000 places\u00a0 <\/p>\n<p><img decoding=\"async\" alt=\"\" class=\"img-align-center img-size-limited\" data-zoomable=\"\" height=\"1500\" loading=\"lazy\" src=\"https:\/\/www.europesays.com\/fr\/wp-content\/uploads\/2026\/04\/futur-lycee-samuel-paty-montevrain-2.jpg\" width=\"2000\"\/><\/p>\n<p>\u00a9 R\u00e9gion IDF &#8211; Pour la premi\u00e8re fois, un lyc\u00e9e portera le nom de Samuel Paty, le professeur d&rsquo;histoire-g\u00e9ographie assassin\u00e9 en 2020. Les travaux sont en cours.<\/p>\n<p>En r\u00e9alit\u00e9, le chantier est d\u00e9j\u00e0 bien avanc\u00e9 et la <strong>livraison <\/strong>de ce futur \u00e9tablissement scolaire, qui repr\u00e9sente un <strong>investissement<\/strong> de <strong>plus de 62 millions d\u2019euros<\/strong>, est programm\u00e9e pour la rentr\u00e9e scolaire de <strong>septembre 2027.<\/strong> <\/p>\n<p>Il affichera une capacit\u00e9 de <strong>1 000 places<\/strong> et proposera l\u2019ensemble des <strong>fili\u00e8res g\u00e9n\u00e9rales<\/strong>, dont un <strong>bac technologique<\/strong> STI2D (Sciences et technologies de l\u2019industrie et du d\u00e9veloppement durable) et un <strong>BTS <\/strong>management \u00e9conomique de la construction (60 places). <\/p>\n<p>Implant\u00e9 au coeur de l&rsquo;\u00e9coquartier Les Roseaux, \u00e0 Mont\u00e9vrain <\/p>\n<p>Imagin\u00e9 au c\u0153ur du nouvel <strong>\u00e9coquartier Les Roseaux<\/strong>, ce lyc\u00e9e sera int\u00e9gr\u00e9 au parc du Mont Evrin avec des espaces ext\u00e9rieurs et int\u00e9rieurs <strong>tourn\u00e9s vers la nature<\/strong>. Le projet pr\u00e9voit la gestion des eaux pluviales, la plantation de <strong>156 arbres<\/strong> et des\u00a0toitures v\u00e9g\u00e9talis\u00e9es. <\/p>\n<p>A noter que la R\u00e9gion \u00cele-de-France a vot\u00e9 le financement d\u2019un <strong>projet p\u00e9dagogique<\/strong> r\u00e9unissant <strong>200 lyc\u00e9ens<\/strong> qui ont suivi le proc\u00e8s de cet attentat devant la cour d\u2019assises sp\u00e9ciale de Paris en novembre 2024. Ces \u00e9l\u00e8ves ont r\u00e9dig\u00e9, en partenariat avec l\u2019Association fran\u00e7aise des victimes du terrorisme, le <strong>livre<\/strong> \u00ab\u00a0<strong>G\u00e9n\u00e9ration Paty, classes en audience<\/strong>\u00ab\u00a0. Cet ouvrage, qui m\u00eale comptes rendus d\u2019audiences et r\u00e9flexions d\u2019\u00e9l\u00e8ves et d\u2019enseignants, sera mis \u00e0 la disposition de l\u2019ensemble des lyc\u00e9es franciliens.<\/p>\n","protected":false},"excerpt":{"rendered":"\u00a9 R\u00e9gion IDF &#8211; Le lyc\u00e9e Samuel Paty ouvrira ses portes \u00e0 Mont\u00e9vrain \u00e0 l&rsquo;occasion de la rentr\u00e9e&hellip;\n","protected":false},"author":2,"featured_media":870087,"comment_status":"","ping_status":"","sticky":false,"template":"","format":"standard","meta":{"footnotes":"","_share_on_mastodon":"0"},"categories":[1592],"tags":[1111,11,1777,674,1011,27,662,12,626,25,35490],"class_list":["post-870086","post","type-post","status-publish","format-standard","has-post-thumbnail","category-ile-de-france","tag-actu","tag-actualites","tag-eu","tag-europe","tag-fr","tag-france","tag-ile-de-france","tag-news","tag-paris","tag-republique-francaise","tag-samuel-paty"],"share_on_mastodon":{"url":"https:\/\/pubeurope.com\/@fr\/116407181560190856","error":""},"_links":{"self":[{"href":"https:\/\/www.europesays.com\/fr\/wp-json\/wp\/v2\/posts\/870086","targetHints":{"allow":["GET"]}}],"collection":[{"href":"https:\/\/www.europesays.com\/fr\/wp-json\/wp\/v2\/posts"}],"about":[{"href":"https:\/\/www.europesays.com\/fr\/wp-json\/wp\/v2\/types\/post"}],"author":[{"embeddable":true,"href":"https:\/\/www.europesays.com\/fr\/wp-json\/wp\/v2\/users\/2"}],"replies":[{"embeddable":true,"href":"https:\/\/www.europesays.com\/fr\/wp-json\/wp\/v2\/comments?post=870086"}],"version-history":[{"count":0,"href":"https:\/\/www.europesays.com\/fr\/wp-json\/wp\/v2\/posts\/870086\/revisions"}],"wp:featuredmedia":[{"embeddable":true,"href":"https:\/\/www.europesays.com\/fr\/wp-json\/wp\/v2\/media\/870087"}],"wp:attachment":[{"href":"https:\/\/www.europesays.com\/fr\/wp-json\/wp\/v2\/media?parent=870086"}],"wp:term":[{"taxonomy":"category","embeddable":true,"href":"https:\/\/www.europesays.com\/fr\/wp-json\/wp\/v2\/categories?post=870086"},{"taxonomy":"post_tag","embeddable":true,"href":"https:\/\/www.europesays.com\/fr\/wp-json\/wp\/v2\/tags?post=870086"}],"curies":[{"name":"wp","href":"https:\/\/api.w.org\/{rel}","templated":true}]}}