{"id":87022,"date":"2025-05-09T14:41:09","date_gmt":"2025-05-09T14:41:09","guid":{"rendered":"https:\/\/www.europesays.com\/fr\/87022\/"},"modified":"2025-05-09T14:41:09","modified_gmt":"2025-05-09T14:41:09","slug":"lars-klingbeil-letoile-montante-de-la-politique-allemande","status":"publish","type":"post","link":"https:\/\/www.europesays.com\/fr\/87022\/","title":{"rendered":"Lars Klingbeil, l\u2019\u00e9toile montante de la politique allemande"},"content":{"rendered":"<p>\n                                                Il est d\u00e9sormais le deuxi\u00e8me homme le plus puissant d\u2019Allemagne, apr\u00e8s le chancelier Friedrich Merz, \u00e9lu dans la douleur mardi 6 mai. Lars Klingbeil est devenu cette semaine vice-chancelier et surtout ministre des Finances, un poste-cl\u00e9. Il a r\u00e9ussi, \u00e0 47 ans seulement, \u00e0 se hisser aux premiers rangs du pouvoir                    <\/p>\n<p>Le jour de ses 47 ans, le 23 f\u00e9vrier dernier, Lars Klingbeil assiste \u00e0 la d\u00e9faite cuisante de son parti. Le SPD (Parti social-d\u00e9mocrate), qu\u2019il codirige, n\u2019obtient que 16,4% des suffrages aux \u00e9lections l\u00e9gislatives en Allemagne. Pourtant, quelques semaines plus tard, Lars Klingbeil scelle un accord de coalition avec le conservateur Friedrich Merz, qui deviendra chancelier, et r\u00e9ussit le tour de force de s\u2019imposer comme vice-chancelier et ministre des Finances, un poste strat\u00e9gique.<\/p>\n<p>Lars Klingbeil est un animal politique. Ce g\u00e9ant de 1,96 m \u00ab peut \u00eatre d\u00e9crit comme un nounours, au visage rond et sympathique, qui s\u2019exprime tr\u00e8s bien, mais c\u2019est quelqu\u2019un qui a une volont\u00e9 de puissance \u00e9tonnante \u00bb, r\u00e9sume Patrick Moreau, sp\u00e9cialiste de la droite et de l\u2019extr\u00eame droite allemande.<\/p>\n<p>S\u2019il a r\u00e9ussi \u00e0 transformer la d\u00e9faite \u00e9lectorale de f\u00e9vrier en une victoire personnelle, c\u2019est qu\u2019il est \u00ab un fin strat\u00e8ge \u00bb, rench\u00e9rit \u00c9tienne Dubslaff, ma\u00eetre de conf\u00e9rences \u00e0 l\u2019Universit\u00e9 Paris-Nanterre et sp\u00e9cialiste du SPD. \u00ab Il a r\u00e9ussi \u00e0 faire porter le chapeau \u00e0 sa copr\u00e9sidente Saskia Esken (\u2026) et \u00e0 s\u2019imposer comme l\u2019homme fort du parti au sortir des \u00e9lections. Il a dirig\u00e9 les n\u00e9gociations avec les chr\u00e9tiens-d\u00e9mocrates [pour la future coalition, NDLR], et s\u2019est rendu incontournable\u00a0\u00bb.<\/p>\n<p>Il repr\u00e9sente la nouvelle g\u00e9n\u00e9ration<\/p>\n<p>N\u00e9 \u00e0 Soltau, dans le bassin industriel de Basse-Saxe, Lars Klingbeil se pr\u00e9sente dans sa biographie comme le \u00ab fils d\u2019un soldat professionnel et d\u2019une vendeuse \u00bb. Issu d\u2019un milieu relativement modeste, cet amateur de football et de musique rock a fait des \u00e9tudes de sciences politiques et de sociologie avant d\u2019entrer en politique. Il fait ses armes aupr\u00e8s de l\u2019ancien chancelier social-d\u00e9mocrate Gerhard Schr\u00f6der, est \u00e9lu pour la premi\u00e8re fois d\u00e9put\u00e9 \u00e0 27 ans, et participe \u00e0 la campagne qui propulse Olaf Scholz \u00e0 la chancellerie en 2021, date \u00e0 laquelle Lars Klingbeil prend la codirection du SPD.<\/p>\n<p>Depuis, il s\u2019\u00e9vertue \u00e0 \u00e9carter la vieille garde. Il veut incarner une nouvelle g\u00e9n\u00e9ration. Peu exp\u00e9riment\u00e9 dans le domaine des finances, il aura fort \u00e0 faire dans une Allemagne en pleine r\u00e9cession. Lors de sa premi\u00e8re prise de parole mercredi, Lars Klingbeil a promis de remettre son pays sur le chemin de la croissance en attirant les investissements priv\u00e9s et de pr\u00e9senter un budget d&rsquo;ici \u00e0 l&rsquo;\u00e9t\u00e9.<\/p>\n<p>Il pourra compter sur le fonds exceptionnel de 500 milliards d\u2019euros, vot\u00e9 par les d\u00e9put\u00e9s en mars, en s\u2019affranchissant des contraintes de la dette, afin de r\u00e9nover notamment les infrastructures. Quels que soient ses choix, c\u2019est un homme \u00ab capable de faire des compromis \u00bb, selon \u00c9tienne Dubslaff. \u00ab Avec Merz, les relations ne sont pas chaleureuses. Ce n\u2019est pas l\u2019amour fou, mais ils devraient s\u2019entendre \u00bb.<\/p>\n<p class=\"a-read-more\">\u00c0 lire aussi<a href=\"https:\/\/www.rfi.fr\/fr\/europe\/20250506-allemagne-friedrich-merz-finalement-\u00e9lu-chancelier-apr\u00e8s-un-second-tour-historique\" target=\"_self\" class=\"a-read-more__link\" rel=\"noopener\">Allemagne: Friedrich Merz finalement \u00e9lu chancelier apr\u00e8s un second tour historique<\/a><\/p>\n<p>Klingbeil vise la chancellerie<\/p>\n<p>Quelle orientation Lars Klingbeil va-t-il donner \u00e0 son parti ? Pour Patrick Moreau, Lars Klingbeil est \u00ab difficile \u00e0 cerner \u00bb. \u00ab \u00c0 l\u2019origine class\u00e9 \u00e0 l\u2019aile droite du SPD, il pourrait marquer l\u2019identit\u00e9 du parti \u00e0 gauche pour r\u00e9nover la sociale-d\u00e9mocratie, car c\u2019est aussi sa voie vers le pouvoir\u00a0\u00bb. \u00c9tienne Dubslaff temp\u00e8re. Selon lui, \u00ab Klingbeil consolidera sa position dominante au SPD en misant sur une ligne plus centriste, pariant que Merz aille plus \u00e0 droite\u00a0\u00bb.<\/p>\n<p>L\u2019objectif est de pr\u00e9parer l\u2019apr\u00e8s. Lars Klingbeil vise la chancellerie. \u00ab Il est tr\u00e8s ambitieux, assure Patrick Moreau. Il a besoin de temps pour refaire son image. Il a \u00e9t\u00e9 tr\u00e8s critiqu\u00e9 apr\u00e8s la d\u00e9faite du SPD aux l\u00e9gislatives. Mais maintenant qu\u2019il a \u00e9limin\u00e9 la vieille garde, il va monter son \u00e9quipe et pr\u00e9parer son parti \u00e0 la grande confrontation qui aura lieu plus t\u00f4t qu\u2019on ne l\u2019imagine\u00a0\u00bb.<\/p>\n<p>La prochaine \u00e9lection doit avoir lieu th\u00e9oriquement dans quatre ans, mais le nouveau chancelier Friedrich Merz, \u00e9lu dans la douleur en d\u00e9but de semaine par les d\u00e9put\u00e9s, est impopulaire, et Lars Klingbeil pourrait bien en profiter pour avancer ses pions. Rien ne semble lui faire peur. Dans une r\u00e9cente interview \u00e0 Die Zeit, ce gros fumeur, en r\u00e9mission d\u2019un cancer de la langue, expliquait : \u00ab On regarde la vie d\u2019une autre mani\u00e8re quand on a \u00e9t\u00e9 proche du pr\u00e9cipice (\u2026) Cela donne beaucoup de force \u00bb.<\/p>\n<p class=\"a-read-more\">\u00c0 lire aussi<a href=\"https:\/\/www.rfi.fr\/fr\/europe\/20250507-fragilis\u00e9-par-une-\u00e9lection-chaotique-le-chancelier-allemand-\u00e0-paris-puis-varsovie\" target=\"_self\" class=\"a-read-more__link\" rel=\"noopener\">Fragilis\u00e9 par une \u00e9lection chaotique, le chancelier allemand \u00e0 Paris puis Varsovie<\/a><\/p>\n","protected":false},"excerpt":{"rendered":"Il est d\u00e9sormais le deuxi\u00e8me homme le plus puissant d\u2019Allemagne, apr\u00e8s le chancelier Friedrich Merz, \u00e9lu dans la&hellip;\n","protected":false},"author":2,"featured_media":87023,"comment_status":"","ping_status":"","sticky":false,"template":"","format":"standard","meta":{"footnotes":""},"categories":[1587],"tags":[11,672,1804,1805,1803,1777,674,19690,1801,12,1802],"class_list":{"0":"post-87022","1":"post","2":"type-post","3":"status-publish","4":"format-standard","5":"has-post-thumbnail","7":"category-allemagne","8":"tag-actualites","9":"tag-allemagne","10":"tag-bundesrepublik-deutschland","11":"tag-de","12":"tag-deutschland","13":"tag-eu","14":"tag-europe","15":"tag-europeen-de-la-semaine","16":"tag-germany","17":"tag-news","18":"tag-republique-federale-dallemagne"},"share_on_mastodon":{"url":"https:\/\/pubeurope.com\/@fr\/114478401641617014","error":""},"_links":{"self":[{"href":"https:\/\/www.europesays.com\/fr\/wp-json\/wp\/v2\/posts\/87022","targetHints":{"allow":["GET"]}}],"collection":[{"href":"https:\/\/www.europesays.com\/fr\/wp-json\/wp\/v2\/posts"}],"about":[{"href":"https:\/\/www.europesays.com\/fr\/wp-json\/wp\/v2\/types\/post"}],"author":[{"embeddable":true,"href":"https:\/\/www.europesays.com\/fr\/wp-json\/wp\/v2\/users\/2"}],"replies":[{"embeddable":true,"href":"https:\/\/www.europesays.com\/fr\/wp-json\/wp\/v2\/comments?post=87022"}],"version-history":[{"count":0,"href":"https:\/\/www.europesays.com\/fr\/wp-json\/wp\/v2\/posts\/87022\/revisions"}],"wp:featuredmedia":[{"embeddable":true,"href":"https:\/\/www.europesays.com\/fr\/wp-json\/wp\/v2\/media\/87023"}],"wp:attachment":[{"href":"https:\/\/www.europesays.com\/fr\/wp-json\/wp\/v2\/media?parent=87022"}],"wp:term":[{"taxonomy":"category","embeddable":true,"href":"https:\/\/www.europesays.com\/fr\/wp-json\/wp\/v2\/categories?post=87022"},{"taxonomy":"post_tag","embeddable":true,"href":"https:\/\/www.europesays.com\/fr\/wp-json\/wp\/v2\/tags?post=87022"}],"curies":[{"name":"wp","href":"https:\/\/api.w.org\/{rel}","templated":true}]}}