{"id":87039,"date":"2025-05-09T14:53:09","date_gmt":"2025-05-09T14:53:09","guid":{"rendered":"https:\/\/www.europesays.com\/fr\/87039\/"},"modified":"2025-05-09T14:53:09","modified_gmt":"2025-05-09T14:53:09","slug":"sous-ma-presidence-lol-navait-jamais-eu-de-probleme-avec-la-dncg-ni-avec-luefa-le-reglement-de-compte-se-poursuit-entre-aulas-et-textor","status":"publish","type":"post","link":"https:\/\/www.europesays.com\/fr\/87039\/","title":{"rendered":"\u00absous ma pr\u00e9sidence, l\u2019OL n\u2019avait jamais eu de probl\u00e8me avec la DNCG ni avec l\u2019UEFA \u00bb, le r\u00e8glement de compte se poursuit entre Aulas et Textor"},"content":{"rendered":"<p>L\u2019ancien pr\u00e9sident lyonnais a r\u00e9pondu ce vendredi \u00e0 son pr\u00e9d\u00e9cesseur, qui avait notamment point\u00e9 du doigt les \u00abd\u00e9penses excessives\u00bb de l\u2019OL sous Aulas.<\/p>\n<p class=\"fig-paragraph\">\u00abNous avons appr\u00e9ci\u00e9 notre collaboration avec l\u2019UEFA et avons propos\u00e9 des projections financi\u00e8res et un plan de viabilit\u00e9 qui, selon nous, ont \u00e9t\u00e9 bien accueillis\u00bb, \u00abNous avons repris un club dont la taille et les d\u00e9penses \u00e9taient excessives et qui n\u2019avait pas r\u00e9ussi \u00e0 se maintenir au niveau de l\u2019UEFA\u00bb, \u00abnous avons investi directement plus de 293 millions d\u2019euros\u00bb&#8230; Jeudi en fin de soir\u00e9e, le propri\u00e9taire de l\u2019OL John Textor a publi\u00e9\u00a0<a href=\"http:\/\/www.lefigaro.fr\/sports\/football\/ligue-1\/ol-john-textor-denonce-des-demi-verites-dangereuses-et-reste-optimiste-sur-la-situation-economique-du-club-20250509\" data-fig-type=\"NewsFlash\" data-gtm-custom-categorie=\"navigation\" data-gtm-custom-action=\"crossclick\" data-gtm-custom-label=\"Contextuel\" data-gtm-event=\"customEventSPE\" data-fig-domain=\"LEFIGARO\" target=\"_blank\" rel=\"noopener\">un long communiqu\u00e9 offensif<\/a>\u00a0pour clarifier la situation financi\u00e8re de son club , en pourparlers avec l\u2019UEFA.<\/p>\n<p class=\"fig-paragraph\">Le dirigeant am\u00e9ricain a d\u00e9nonc\u00e9 des \u00abdemi-v\u00e9rit\u00e9s dangereuses\u00bb relay\u00e9es par le journal l\u2019\u00c9quipe puis repris par diff\u00e9rents m\u00e9dias fran\u00e7ais. Le quotidien fran\u00e7ais a \u00e9galement pris le pouls des supporters lyonnais, pour la plupart inquiets et d\u00e9non\u00e7ant tour \u00e0 tour les \u00abmontages financiers bancals\u00bb de Textor ou la vente du club \u00absans service apr\u00e8s-vente\u00bb de Jean-Michel Aulas. Une phrase qui a fait r\u00e9agir le pr\u00e9sident historique de l\u2019OL (de 1987 \u00e0 2023) ce vendredi, toujours dans\u00a0<a href=\"https:\/\/www.lequipe.fr\/Football\/Actualites\/-sous-ma-presidence-l-ol-n-avait-jamais-eu-de-probleme-avec-la-dncg-ni-avec-l-uefa-jean-michel-aulas-repond-a-john-textor\/1560331\" target=\"_blank\" rel=\"nofollow noopener\" data-gtm-custom-categorie=\"navigation\" data-gtm-custom-action=\"crossclick\" data-gtm-custom-label=\"Contextuel\" data-gtm-event=\"customEventSPE\">l\u2019\u00c9quipe<\/a> .<\/p>\n<p class=\"fig-paragraph\">\u00abMoi, je ne voulais pas vendre. Ensuite, pendant trois ans, je devais assurer le service apr\u00e8s-vente, justement. Mais j\u2019ai \u00e9t\u00e9 vir\u00e9 comme un malpropre au bout de cinq mois, il y a deux ans\u00a0\u00bb, a-t-il comment\u00e9. L\u2019actuel pr\u00e9sident de la Ligue F\u00e9minine de Football Professionnel et\u00a0<a href=\"http:\/\/www.lefigaro.fr\/lyon\/l-hypothese-d-un-duel-entre-jean-michel-aulas-et-gregory-doucet-relance-les-municipales-a-lyon-20250417\" data-fig-type=\"NewsFlash\" data-gtm-custom-categorie=\"navigation\" data-gtm-custom-action=\"crossclick\" data-gtm-custom-label=\"Contextuel\" data-gtm-event=\"customEventSPE\" data-fig-domain=\"LEFIGARO\" target=\"_blank\" rel=\"noopener\">possible candidat \u00e0 la mairie de Lyon<\/a>\u00a0a ensuite embray\u00e9 sur les comptes du club rhodanien, avec toujours autant de vigueur. \u00abEn r\u00e9alit\u00e9, plus de 600 millions sont entr\u00e9s dans les caisses et la dette a doubl\u00e9 dans le m\u00eame temps. Je ne veux pas en rajouter, mais sous ma pr\u00e9sidence, l\u2019OL n\u2019avait jamais eu de probl\u00e8me avec la DNCG ni avec l\u2019UEFA.\u00a0\u00bb<\/p>\n","protected":false},"excerpt":{"rendered":"L\u2019ancien pr\u00e9sident lyonnais a r\u00e9pondu ce vendredi \u00e0 son pr\u00e9d\u00e9cesseur, qui avait notamment point\u00e9 du doigt les \u00abd\u00e9penses&hellip;\n","protected":false},"author":2,"featured_media":87040,"comment_status":"","ping_status":"","sticky":false,"template":"","format":"standard","meta":{"footnotes":""},"categories":[1412],"tags":[525,1981,814,1451,2257,63,1452,1453,1454,1455,1011,27,5227,12428,3309,66,1307,955,1176,978,93,1980,60],"class_list":{"0":"post-87039","1":"post","2":"type-post","3":"status-publish","4":"format-standard","5":"has-post-thumbnail","7":"category-f1","8":"tag-calendrier","9":"tag-classement","10":"tag-direct","11":"tag-f1","12":"tag-foot","13":"tag-football","14":"tag-formula-1","15":"tag-formula1","16":"tag-formule-1","17":"tag-formule1","18":"tag-fr","19":"tag-france","20":"tag-jean-michel-aulas","21":"tag-john-textor","22":"tag-l1","23":"tag-ligue-1","24":"tag-lille","25":"tag-match","26":"tag-olympique-de-marseille","27":"tag-olympique-lyonnais","28":"tag-psg","29":"tag-resultats","30":"tag-sports"},"share_on_mastodon":{"url":"https:\/\/pubeurope.com\/@fr\/114478448904937986","error":""},"_links":{"self":[{"href":"https:\/\/www.europesays.com\/fr\/wp-json\/wp\/v2\/posts\/87039","targetHints":{"allow":["GET"]}}],"collection":[{"href":"https:\/\/www.europesays.com\/fr\/wp-json\/wp\/v2\/posts"}],"about":[{"href":"https:\/\/www.europesays.com\/fr\/wp-json\/wp\/v2\/types\/post"}],"author":[{"embeddable":true,"href":"https:\/\/www.europesays.com\/fr\/wp-json\/wp\/v2\/users\/2"}],"replies":[{"embeddable":true,"href":"https:\/\/www.europesays.com\/fr\/wp-json\/wp\/v2\/comments?post=87039"}],"version-history":[{"count":0,"href":"https:\/\/www.europesays.com\/fr\/wp-json\/wp\/v2\/posts\/87039\/revisions"}],"wp:featuredmedia":[{"embeddable":true,"href":"https:\/\/www.europesays.com\/fr\/wp-json\/wp\/v2\/media\/87040"}],"wp:attachment":[{"href":"https:\/\/www.europesays.com\/fr\/wp-json\/wp\/v2\/media?parent=87039"}],"wp:term":[{"taxonomy":"category","embeddable":true,"href":"https:\/\/www.europesays.com\/fr\/wp-json\/wp\/v2\/categories?post=87039"},{"taxonomy":"post_tag","embeddable":true,"href":"https:\/\/www.europesays.com\/fr\/wp-json\/wp\/v2\/tags?post=87039"}],"curies":[{"name":"wp","href":"https:\/\/api.w.org\/{rel}","templated":true}]}}