{"id":87041,"date":"2025-05-09T14:54:14","date_gmt":"2025-05-09T14:54:14","guid":{"rendered":"https:\/\/www.europesays.com\/fr\/87041\/"},"modified":"2025-05-09T14:54:14","modified_gmt":"2025-05-09T14:54:14","slug":"bjoern-koerdt-devenir-meilleur-a-chaque-course-actualite","status":"publish","type":"post","link":"https:\/\/www.europesays.com\/fr\/87041\/","title":{"rendered":"Bjoern Koerdt : \u00ab Devenir meilleur \u00e0 chaque course \u00bb &#8211; Actualit\u00e9"},"content":{"rendered":"<p style=\"text-align: justify;\"><strong>Il y a encore quelques mois, Bjoern Koerdt \u00e9tait un coureur amateur, membre du CC \u00c9tupes o\u00f9 il est rest\u00e9 deux saisons. Depuis le 1er janvier, il a rejoint la Team Picnic PostNL, avec laquelle il a encha\u00een\u00e9 les courses du WorldTour : Tour Down Under, Cadel Evans Great Ocean, Strade Bianche, Milan-San-Remo, Tour du Pays Basque, Fl\u00e8che Wallonne et Tour de Romandie (<a href=\"https:\/\/www.directvelo.com\/coureur\/48448\/bjoern-koerdt\" target=\"_blank\" rel=\"noopener\">voir sa fiche DirectVelo<\/a>). Le Britannique de 20 ans a fait le point sur ses d\u00e9buts professionnels avec DirectVelo \u00e0 l\u2019issue de la boucle romande.<\/strong><\/p>\n<p>DirectVelo : Except\u00e9 le Grand Prix Miguel Indurain, tu n\u2019as disput\u00e9 que des courses WorldTour depuis ton arriv\u00e9e chez les professionnels !<br \/>Bjoern Koerdt : Effectivement, j\u2019ai d\u00e9j\u00e0 fait pas mal de courses par \u00e9tapes et quelques courses d&rsquo;un jour. Le niveau est tr\u00e8s \u00e9lev\u00e9, mais je progresse petit \u00e0 petit, au moins, \u00e7a ne devient pas plus dur. Quand tu participes aux plus grandes courses du monde, tu peux repartir avec un peu de confiance quand tu es dans une bonne journ\u00e9e. Je me dis que \u00e7a ne sera certainement pas plus difficile que \u00e7a. Par exemple, je ne pense pas qu&rsquo;il y ait beaucoup de courses par \u00e9tapes d&rsquo;une semaine plus exigeantes que le Tour du Pays Basque. J\u2019\u00e9tais au Tour de Romandie la semaine pass\u00e9e, j&rsquo;ai l&rsquo;impression de progresser, mais il reste encore beaucoup de travail. J&rsquo;essaye de faire de mon mieux.<strong\/><\/p>\n<p>Quel est ton r\u00f4le dans l&rsquo;\u00e9quipe cette ann\u00e9e ?<br \/>J\u2019accompagne le plus possible mes leaders. Nous avons des coureurs tr\u00e8s forts, que ce soit dans les sprints avec Tobias (Lund Andresen), Casper (Van Uden) ou Pavel (Bittner). Sans oublier Fabio (Jakobsen) qui est absent pour le moment. L\u2019\u00e9quipe a aussi de bons gars pour le classement g\u00e9n\u00e9ral. Il y a Max Poole et Oscar Onley. Je fais tout ce que je peux pour les soutenir. Je suis un coureur assez polyvalent. Je peux apporter ma contribution sur les \u00e9tapes de sprint en travaillant en amont, ou sur les \u00e9tapes de montagne.\u00a0<\/p>\n<p><strong>Chez les Amateurs, tu \u00e9tais un puncheur\u2026<br \/><\/strong>Oui, je suis un v\u00e9ritable puncheur. Les mont\u00e9es de trois \u00e0 cinq minutes me sont favorables. J&rsquo;ai vraiment appr\u00e9ci\u00e9 la Fl\u00e8che Wallonne cette ann\u00e9e. J\u2019aime bien les fins de course difficiles. J&rsquo;esp\u00e8re disputer plus d\u2019\u00e9preuves comme celle-ci dans le futur.<\/p>\n<p><strong>\u00ab AUCUNE PRESSION\u00a0\u00bb<\/strong><\/p>\n<p>Il y a beaucoup de jeunes coureurs chez Picnic PostNL. Est-ce un avantage pour d\u00e9buter \u00e0 ce niveau-l\u00e0 ?<br \/>J&rsquo;ai re\u00e7u beaucoup de soutien de la part de mes co\u00e9quipiers, mais aussi du staff. Ils ne m&rsquo;ont mis aucune pression, ils m&rsquo;ont juste confi\u00e9 un r\u00f4le. L&rsquo;\u00e9quipe cr\u00e9e un environnement vraiment agr\u00e9able. J&rsquo;essaie toujours de faire ce qu&rsquo;on attend de moi. Je suis tr\u00e8s satisfait de ma progression jusqu&rsquo;\u00e0 pr\u00e9sent.<\/p>\n<p><strong>Tu vas continuer de courir quasi uniquement sur le WorldTour ?<br \/><\/strong>Non, je pense aller en Allemagne pour le Tour de Cologne, puis j\u2019irai au Tour de Norv\u00e8ge. Le niveau n&rsquo;est pas aussi \u00e9lev\u00e9 que sur certaines courses du WorldTour, mais il y a quand m\u00eame des coureurs tr\u00e8s forts. Comme je l\u2019ai dit, je veux juste progresser et devenir meilleur \u00e0 chaque course. C&rsquo;est un grand pas en avant par rapport au niveau amateur. Si cela se traduit par un r\u00e9sultat, tant mieux, mais ce n&rsquo;est pas une priorit\u00e9 cette ann\u00e9e, m\u00eame si c\u2019est bien s\u00fbr agr\u00e9able d\u2019\u00eatre performant.<\/p>\n<p><strong>Est-ce qu\u2019il y a tout de m\u00eame une course qui t\u2019attire plus qu\u2019une autre ?<br \/><\/strong>Je dirais s\u00fbrement le Tour de Grande-Bretagne car c\u2019est une course \u00e0 domicile. J&rsquo;aimerais bien faire une bonne performance l\u00e0-bas. Sinon, dans les comp\u00e9titions que j\u2019ai bien appr\u00e9ci\u00e9es cette ann\u00e9e, je pense aux Strade Bianche. C&rsquo;\u00e9tait vraiment cool et passionnant, j&rsquo;y avais ressenti de l&rsquo;adr\u00e9naline du d\u00e9but \u00e0 la fin.\u00a0<\/p>\n","protected":false},"excerpt":{"rendered":"Il y a encore quelques mois, Bjoern Koerdt \u00e9tait un coureur amateur, membre du CC \u00c9tupes o\u00f9 il&hellip;\n","protected":false},"author":2,"featured_media":87042,"comment_status":"","ping_status":"","sticky":false,"template":"","format":"standard","meta":{"footnotes":""},"categories":[1411],"tags":[834,828,836,829,837,827,83,826,824,823,1154,207,814,817,815,816,822,821,832,211,839,1011,27,820,818,819,835,831,830,833,838,60,212,208,825],"class_list":{"0":"post-87041","1":"post","2":"type-post","3":"status-publish","4":"format-standard","5":"has-post-thumbnail","7":"category-cyclisme","8":"tag-attaque","9":"tag-belgique","10":"tag-braquet","11":"tag-bretagne","12":"tag-chute","13":"tag-competition","14":"tag-coupe-de-france","15":"tag-coureur","16":"tag-course-cyclisme","17":"tag-course-cycliste","18":"tag-cycling","19":"tag-cyclisme","20":"tag-direct","21":"tag-direct-velo","22":"tag-directvelo","23":"tag-directvelo-com","24":"tag-epreuve","25":"tag-epreuve-cycliste","26":"tag-federation-francaise-de-cyclisme","27":"tag-ffc","28":"tag-flandres","29":"tag-fr","30":"tag-france","31":"tag-live","32":"tag-live-course","33":"tag-live-epreuve","34":"tag-peloton","35":"tag-radio-peloton","36":"tag-radio-tour","37":"tag-ravitaillement","38":"tag-relance","39":"tag-sports","40":"tag-uci","41":"tag-velo","42":"tag-velos"},"share_on_mastodon":{"url":"https:\/\/pubeurope.com\/@fr\/114478452828341010","error":""},"_links":{"self":[{"href":"https:\/\/www.europesays.com\/fr\/wp-json\/wp\/v2\/posts\/87041","targetHints":{"allow":["GET"]}}],"collection":[{"href":"https:\/\/www.europesays.com\/fr\/wp-json\/wp\/v2\/posts"}],"about":[{"href":"https:\/\/www.europesays.com\/fr\/wp-json\/wp\/v2\/types\/post"}],"author":[{"embeddable":true,"href":"https:\/\/www.europesays.com\/fr\/wp-json\/wp\/v2\/users\/2"}],"replies":[{"embeddable":true,"href":"https:\/\/www.europesays.com\/fr\/wp-json\/wp\/v2\/comments?post=87041"}],"version-history":[{"count":0,"href":"https:\/\/www.europesays.com\/fr\/wp-json\/wp\/v2\/posts\/87041\/revisions"}],"wp:featuredmedia":[{"embeddable":true,"href":"https:\/\/www.europesays.com\/fr\/wp-json\/wp\/v2\/media\/87042"}],"wp:attachment":[{"href":"https:\/\/www.europesays.com\/fr\/wp-json\/wp\/v2\/media?parent=87041"}],"wp:term":[{"taxonomy":"category","embeddable":true,"href":"https:\/\/www.europesays.com\/fr\/wp-json\/wp\/v2\/categories?post=87041"},{"taxonomy":"post_tag","embeddable":true,"href":"https:\/\/www.europesays.com\/fr\/wp-json\/wp\/v2\/tags?post=87041"}],"curies":[{"name":"wp","href":"https:\/\/api.w.org\/{rel}","templated":true}]}}