{"id":87043,"date":"2025-05-09T14:55:09","date_gmt":"2025-05-09T14:55:09","guid":{"rendered":"https:\/\/www.europesays.com\/fr\/87043\/"},"modified":"2025-05-09T14:55:09","modified_gmt":"2025-05-09T14:55:09","slug":"psg-une-marque-americaine-signe-avec-le-psg-feminin","status":"publish","type":"post","link":"https:\/\/www.europesays.com\/fr\/87043\/","title":{"rendered":"PSG. Une marque am\u00e9ricaine signe avec le PSG f\u00e9minin"},"content":{"rendered":"<p><img fetchpriority=\"high\" decoding=\"async\" width=\"620\" height=\"413\" src=\"https:\/\/www.europesays.com\/fr\/wp-content\/uploads\/2025\/05\/PSG-x-ILIA-Beauty-620x413.jpg\" alt=\"PSG. Une marque canadienne signe avec le PSG\" class=\"wp-image-365365\"  \/>Le PSG compte ILIA Beauty comme nouveau partenaire de l\u2019\u00e9quipe f\u00e9minine.<\/p>\n<p>Si les gar\u00e7ons sont \u00e0 l\u2019honneur, en cette heureuse semaine de succ\u00e8s en Ligue des champions, les filles du <a href=\"https:\/\/sportune.20minutes.fr\/paris-saint-germain-psg\" target=\"_blank\" rel=\"noopener\">PSG<\/a> font aussi l\u2019actualit\u00e9. En l\u2019esp\u00e8ce, celle du sponsoring sportif, puisqu\u2019elles accueillent la signature de ILIA Beauty, une marque am\u00e9ricaine de cosm\u00e9tiques qui se veut naturelle.<\/p>\n<p>ILIA Beauty est le quatri\u00e8me partenaire engag\u00e9 cette saison par la section f\u00e9minine du <a href=\"https:\/\/sportune.20minutes.fr\/paris-saint-germain-psg\" target=\"_blank\" rel=\"noopener\">Paris Saint-Germain<\/a> et devient la treizi\u00e8me \u00e0 lui \u00eatre associ\u00e9e. Ce partenariat pr\u00e9voit de la visibilit\u00e9, notamment digitale, visant \u00e0 renforcer le positionnement de la marque sur le territoire fran\u00e7ais.<\/p>\n<p>Un contrat de deux ans jusqu\u2019en 2026<\/p>\n<p>\u00ab\u00a0Paris occupe une place sp\u00e9ciale dans mon coeur, car j\u2019ai v\u00e9cu et travaill\u00e9 en Europe pendant plusieurs ann\u00e9es. \u00c9tant moi-m\u00eame issue d\u2019une famille de sportifs, je comprends l\u2019engagement absolu et l\u2019\u00e9thique professionnelle rigoureuse qui sont exig\u00e9s des athl\u00e8tes\u00ab\u00a0, d\u00e9taille par communiqu\u00e9 la fondatrice d\u2019ILIA, Sasha Plavsic<\/p>\n<p>\u00ab\u00a0Nous voulons aller au-del\u00e0 d\u2019un simple partenariat : ensemble, nous entendons cr\u00e9er une dynamique positive et un r\u00e9el engagement envers le football f\u00e9minin\u00ab\u00a0, poursuit Nicola Ibbetson, \u00e0 Directrice Internationale des Partenariats du <a href=\"https:\/\/sportune.20minutes.fr\/paris-saint-germain-psg\" target=\"_blank\" rel=\"noopener\">Paris Saint-Germain<\/a>.<\/p>\n<p>Le club parisien et son nouveau sponsor sont unis pour deux ans, jusqu\u2019en 2026. Une premi\u00e8re campagne promotionnelle sera prochainement d\u00e9voil\u00e9e.<\/p>\n","protected":false},"excerpt":{"rendered":"Le PSG compte ILIA Beauty comme nouveau partenaire de l\u2019\u00e9quipe f\u00e9minine. Si les gar\u00e7ons sont \u00e0 l\u2019honneur, en&hellip;\n","protected":false},"author":2,"featured_media":87044,"comment_status":"","ping_status":"","sticky":false,"template":"","format":"standard","meta":{"footnotes":""},"categories":[1410],"tags":[63,1011,27,93,17992,60],"class_list":{"0":"post-87043","1":"post","2":"type-post","3":"status-publish","4":"format-standard","5":"has-post-thumbnail","7":"category-football","8":"tag-football","9":"tag-fr","10":"tag-france","11":"tag-psg","12":"tag-sponsoring","13":"tag-sports"},"share_on_mastodon":{"url":"https:\/\/pubeurope.com\/@fr\/114478456781830366","error":""},"_links":{"self":[{"href":"https:\/\/www.europesays.com\/fr\/wp-json\/wp\/v2\/posts\/87043","targetHints":{"allow":["GET"]}}],"collection":[{"href":"https:\/\/www.europesays.com\/fr\/wp-json\/wp\/v2\/posts"}],"about":[{"href":"https:\/\/www.europesays.com\/fr\/wp-json\/wp\/v2\/types\/post"}],"author":[{"embeddable":true,"href":"https:\/\/www.europesays.com\/fr\/wp-json\/wp\/v2\/users\/2"}],"replies":[{"embeddable":true,"href":"https:\/\/www.europesays.com\/fr\/wp-json\/wp\/v2\/comments?post=87043"}],"version-history":[{"count":0,"href":"https:\/\/www.europesays.com\/fr\/wp-json\/wp\/v2\/posts\/87043\/revisions"}],"wp:featuredmedia":[{"embeddable":true,"href":"https:\/\/www.europesays.com\/fr\/wp-json\/wp\/v2\/media\/87044"}],"wp:attachment":[{"href":"https:\/\/www.europesays.com\/fr\/wp-json\/wp\/v2\/media?parent=87043"}],"wp:term":[{"taxonomy":"category","embeddable":true,"href":"https:\/\/www.europesays.com\/fr\/wp-json\/wp\/v2\/categories?post=87043"},{"taxonomy":"post_tag","embeddable":true,"href":"https:\/\/www.europesays.com\/fr\/wp-json\/wp\/v2\/tags?post=87043"}],"curies":[{"name":"wp","href":"https:\/\/api.w.org\/{rel}","templated":true}]}}