{"id":87045,"date":"2025-05-09T14:56:10","date_gmt":"2025-05-09T14:56:10","guid":{"rendered":"https:\/\/www.europesays.com\/fr\/87045\/"},"modified":"2025-05-09T14:56:10","modified_gmt":"2025-05-09T14:56:10","slug":"a-wrexham-ryan-reynolds-veut-rester-proche-de-ses-joueurs-angleterre-wrexham-afc","status":"publish","type":"post","link":"https:\/\/www.europesays.com\/fr\/87045\/","title":{"rendered":"\u00c0 Wrexham, Ryan Reynolds veut rester proche de ses joueurs &#8211; Angleterre &#8211; Wrexham AFC"},"content":{"rendered":"<p>Patron conito.<\/p>\n<p><a target=\"_blank\" href=\"https:\/\/www.sofoot.com\/breves\/angleterre-le-club-de-ryan-reynolds-wrexham-poursuit-son-incroyable-epopee-en-accedant-au-championship\" rel=\"nofollow noopener\">Un mois apr\u00e8s la mont\u00e9e de Wrexham AFC en Championship<\/a>, la troisi\u00e8me division anglaise, <strong>Ryan Reynolds, copropri\u00e9taire de l\u2019\u00e9quipe et star hollywoodienne, \u00e9tait l\u2019invit\u00e9 du podcast Fearless in Devotion. <\/strong>Une \u00e9mission anim\u00e9e par quatre fans de longue date du club. Pendant 44 minutes, l\u2019acteur de Deadpool revient sur plusieurs points de la saison, <strong>de la mont\u00e9e du club \u00e0 l\u2019avenir de l\u2019\u00e9quipe, tout en diss\u00e9minant quelques anecdotes sympathiques.<\/strong><\/p>\n<p>Better Call Ryan<\/p>\n<p>Ryan Reynolds l\u2019affirme, \u00ab\u00a0<strong>nous voulons simplement rester en contact avec les joueurs<\/strong>. D\u00e8s que nous accueillons un nouveau joueur, nous l\u2019appelons et lui donnons nos num\u00e9ros de t\u00e9l\u00e9phone\u00a0\u00bb.\u00a0Pas s\u00fbr que tous les propri\u00e9taires fassent de m\u00eame. \u00ab\u00a0Nous leur disons qu\u2019en cas de besoin, ils peuvent nous appeler, nous sommes l\u00e0 pour les aider. C\u2019est notre fa\u00e7on d\u2019influencer le club, nous ne prenons aucune d\u00e9cision concernant le football\u00a0\u00bb, a-t-il racont\u00e9.<\/p>\n<\/p>\n<p>Mais certains joueurs d\u00e9passent les bornes\u2026 \u00ab\u00a0Un joueur m\u2019a appel\u00e9 pour me demander de lui louer une voiture. Je lui ai r\u00e9pondu : \u201cQuand je disais qu\u2019il pouvait tout demander, je voulais dire un rein\u201d\u00a0\u00bb a-t-il continu\u00e9 en se marrant.<\/p>\n<p><a target=\"_blank\" href=\"https:\/\/www.sofoot.com\/breves\/les-girondins-de-bordeaux-ont-94-millions-deuros-de-dettes\" rel=\"nofollow noopener\">Il veut pas en prendre de la graine, G\u00e9rard Lopez ?<\/a><\/p>\n<p>\t\t\t\t\t\t\t\t\t\t<a class=\"lien-connexe\" href=\"https:\/\/www.sofoot.com\/breves\/angleterre-le-club-de-ryan-reynolds-wrexham-poursuit-son-incroyable-epopee-en-accedant-au-championship\" rel=\"nofollow noopener\" target=\"_blank\">Wrexham, le club de Ryan Reynolds, r\u00e9ussit une troisi\u00e8me mont\u00e9e cons\u00e9cutive et acc\u00e8de au Championship<\/a>\t\t\t\t\t<\/p>\n","protected":false},"excerpt":{"rendered":"Patron conito. Un mois apr\u00e8s la mont\u00e9e de Wrexham AFC en Championship, la troisi\u00e8me division anglaise, Ryan Reynolds,&hellip;\n","protected":false},"author":2,"featured_media":87046,"comment_status":"","ping_status":"","sticky":false,"template":"","format":"standard","meta":{"footnotes":""},"categories":[1359],"tags":[47,61,69,65,58,59,64,63,1011,27,68,66,62,973,70,67],"class_list":{"0":"post-87045","1":"post","2":"type-post","3":"status-publish","4":"format-standard","5":"has-post-thumbnail","7":"category-people","8":"tag-actualite","9":"tag-actus-football","10":"tag-bundesliga","11":"tag-championnats-europeens","12":"tag-divertissement","13":"tag-entertainment","14":"tag-equipe-de-france","15":"tag-football","16":"tag-fr","17":"tag-france","18":"tag-ligua","19":"tag-ligue-1","20":"tag-news-foot","21":"tag-people","22":"tag-premier-league","23":"tag-serie-a"},"share_on_mastodon":{"url":"https:\/\/pubeurope.com\/@fr\/114478460636188023","error":""},"_links":{"self":[{"href":"https:\/\/www.europesays.com\/fr\/wp-json\/wp\/v2\/posts\/87045","targetHints":{"allow":["GET"]}}],"collection":[{"href":"https:\/\/www.europesays.com\/fr\/wp-json\/wp\/v2\/posts"}],"about":[{"href":"https:\/\/www.europesays.com\/fr\/wp-json\/wp\/v2\/types\/post"}],"author":[{"embeddable":true,"href":"https:\/\/www.europesays.com\/fr\/wp-json\/wp\/v2\/users\/2"}],"replies":[{"embeddable":true,"href":"https:\/\/www.europesays.com\/fr\/wp-json\/wp\/v2\/comments?post=87045"}],"version-history":[{"count":0,"href":"https:\/\/www.europesays.com\/fr\/wp-json\/wp\/v2\/posts\/87045\/revisions"}],"wp:featuredmedia":[{"embeddable":true,"href":"https:\/\/www.europesays.com\/fr\/wp-json\/wp\/v2\/media\/87046"}],"wp:attachment":[{"href":"https:\/\/www.europesays.com\/fr\/wp-json\/wp\/v2\/media?parent=87045"}],"wp:term":[{"taxonomy":"category","embeddable":true,"href":"https:\/\/www.europesays.com\/fr\/wp-json\/wp\/v2\/categories?post=87045"},{"taxonomy":"post_tag","embeddable":true,"href":"https:\/\/www.europesays.com\/fr\/wp-json\/wp\/v2\/tags?post=87045"}],"curies":[{"name":"wp","href":"https:\/\/api.w.org\/{rel}","templated":true}]}}