{"id":87068,"date":"2025-05-09T15:09:11","date_gmt":"2025-05-09T15:09:11","guid":{"rendered":"https:\/\/www.europesays.com\/fr\/87068\/"},"modified":"2025-05-09T15:09:11","modified_gmt":"2025-05-09T15:09:11","slug":"le-traite-de-cooperation-entre-la-france-et-la-pologne-a-ete-signe","status":"publish","type":"post","link":"https:\/\/www.europesays.com\/fr\/87068\/","title":{"rendered":"le trait\u00e9 de coop\u00e9ration entre la France et la Pologne a \u00e9t\u00e9 sign\u00e9"},"content":{"rendered":"<p>            Par<br \/>\n        <strong><br \/>\n            <a href=\"https:\/\/actu.fr\/auteur\/pierre-emile-bouchy-actu-fr\" title=\"Consulter tous les articles de Paul-Emile Bouchy\" rel=\"nofollow noopener\" target=\"_blank\">Paul-Emile Bouchy<\/a><br \/>\n        <\/strong><\/p>\n<p>        Publi\u00e9 le<\/p>\n<p>            9 mai 2025 \u00e0 11h34<br \/>\n        ; mis \u00e0 jour le 9 mai 2025 \u00e0 17h00    <\/p>\n<p>Ce vendredi 9\u00a0mai 2025, <a href=\"https:\/\/actu.fr\/tag\/emmanuel-macron\" rel=\"nofollow noopener\" target=\"_blank\">Emmanuel Macron<\/a> est en visite \u00e0 <strong>Nancy<\/strong> (Meurthe-et-Moselle). Le pr\u00e9sident de la R\u00e9publique re\u00e7oit <a href=\"https:\/\/actu.fr\/grand-est\/nancy_54395\/pourquoi-donald-tusk-premier-ministre-de-la-pologne-est-il-attendu-a-nancy-vendredi_62608840.html\" rel=\"nofollow noopener\" target=\"_blank\">Donald Tusk, le premier ministre de la Pologne<\/a>, pour signer <strong>un trait\u00e9 d\u2019amiti\u00e9 et de coop\u00e9ration entre les deux pays<\/strong>.<\/p>\n<p class=\" wall-content\">On vous fait vivre en direct les temps forts de cette journ\u00e9e historique.<\/p>\n<p>Le trait\u00e9 entre la France et la Pologne sign\u00e9<\/p>\n<p class=\" wall-content\">Apr\u00e8s avoir d\u00e9jeun\u00e9 \u00e0 la pr\u00e9fecture de Meurthe-et-Moselle, Emmanuel Macron et Donald Tusk ont sign\u00e9, \u00e0 16h05, <strong>le trait\u00e9 de Nancy<\/strong>\u00a0dans le grand salon de l\u2019h\u00f4tel de ville. Ce texte vise \u00e0 <strong>renforcer les liens d\u2019amiti\u00e9 et de coop\u00e9ration entre la France et la Pologne<\/strong>.<\/p>\n<p>      <img   decoding=\"async\" loading=\"lazy\" src=\"https:\/\/www.europesays.com\/fr\/wp-content\/uploads\/2025\/05\/macron-traite-de-nancy-pologne-france-tusk-960x640.jpg\" alt=\"Le trait\u00e9 de Nancy, entre la Pologne et la France, a \u00e9t\u00e9 sign\u00e9 ce vendredi 9 mai 2025.\" width=\"960\" height=\"640\"\/><br \/>\n    Le trait\u00e9 de Nancy, entre la Pologne et la France, a \u00e9t\u00e9 sign\u00e9 ce vendredi 9 mai 2025. (\u00a9Amandine Mehl \/ Lorraine Actu)<\/p>\n<p class=\" wall-content\">Le premier ministre polonais s\u2019est dit <strong>\u00ab\u00a0tr\u00e8s content de l\u2019accueil dans la ville fran\u00e7aise la plus polonaise qui soit<\/strong>\u00ab\u00a0. Il a aussi exprim\u00e9 sa joie d\u2019\u00eatre all\u00e9 place Stanislas et d\u2019avoir vu les Polonais qui vivent \u00e0 Nancy.<\/p>\n<p>Vid\u00e9os : en ce moment sur ActuEmmanuel Macron r\u00e9agit \u00e0 l\u2019\u00e9lection du nouveau pape<\/p>\n<p class=\" wall-content\">Interrog\u00e9 sur l\u2019\u00e9lection du <a href=\"https:\/\/actu.fr\/societe\/direct-le-nouveau-pape-a-ete-elu-fumee-blanche-habemus-papam-decouvrez-le-futur-souverain-pontife_62607747.html\" rel=\"nofollow noopener\" target=\"_blank\">nouveau pape L\u00e9on XIV<\/a> par des journalistes, Emmanuel Macron a r\u00e9pondu avant d\u2019aller d\u00e9jeuner \u00e0 la pr\u00e9fecture de Meurthe-et-Moselle.<\/p>\n<p class=\" wall-content\">\u00ab\u00a0Son message d\u2019unit\u00e9 et de paix hier \u00e9tait vraiment tr\u00e8s fort. <strong>On a vu une s\u00e9r\u00e9nit\u00e9 et une bienveillance chez ce pape qui nous a r\u00e9joui.<\/strong> Je pense que c\u2019est une tr\u00e8s bonne nouvelle\u00a0\u00bb, a-t-il d\u00e9clar\u00e9.<\/p>\n<p>Emmanuel Macron et Donald Tusk sont arriv\u00e9s place Stanislas<\/p>\n<p class=\" wall-content\">Avant une trentaine de minutes de retard, Emmanuel Macron et Donald Tusk sont arriv\u00e9s sur la place Stanislas peu apr\u00e8s 13h.<\/p>\n<p class=\" wall-content\">\n<p class=\" wall-content\">Le pr\u00e9sident de la R\u00e9publique a \u00e9t\u00e9 parl\u00e9 avec des personnes pr\u00e9sentes. Il n\u2019a pas \u00e9t\u00e9 hu\u00e9 et a re\u00e7u quelques cadeaux.<\/p>\n<p class=\" wall-content\">\n<blockquote class=\"ac-article-quote wall-content\">\n<p>Cette magnifique place Stanislas scelle cette amiti\u00e9 \u00e0 travers les si\u00e8cles entre la Pologne et la France. Un roi polonais fut duc de Lorraine ici. Cette architecture est marqu\u00e9e par cette histoire. C&rsquo;est un trait\u00e9 qui sur l&rsquo;\u00e9nergie, l&rsquo;\u00e9conomie, la d\u00e9fense va nous permettre d&rsquo;avancer ensemble et aussi de tirer toutes les cons\u00e9quences de ce nouvel ordre du monde.<\/p>\n<p>    <strong>Emmanuel Macron<\/strong><br \/>\n        pr\u00e9sident de la R\u00e9publique \u00e0 son arriv\u00e9e sur la place Stanislas \u00e0 Nancy    <\/p><\/blockquote>\n<p>Emmanuel Macron doit arriver place Stanislas<\/p>\n<p class=\" wall-content\">D\u2019apr\u00e8s <a href=\"https:\/\/actu.fr\/grand-est\/nancy_54395\/emmanuel-macron-a-nancy-vendredi-voici-le-programme-du-president-de-la-republique_62607284.html\" rel=\"nofollow noopener\" target=\"_blank\">le programme transmis par l\u2019\u00c9lys\u00e9e<\/a>, Emmanuel Macron est attendu pour 12h35 place Stanislas, avant d\u2019accueillir Donald Tusk et de d\u00e9jeuner.<\/p>\n<p class=\" wall-content\">La foule est pr\u00e9sente pour son arriv\u00e9e et patientent le long des barri\u00e8res.<\/p>\n<p class=\" wall-content\">\n<p class=\" wall-content\">\n<p class=\" wall-content\">Les officiels, comme le maire de Nancy Mathieu Klein et les d\u00e9put\u00e9s socialistes Estelle Mercier et St\u00e9phane Hablot, attendent devant l\u2019h\u00f4tel de ville.<\/p>\n<p>      <img   decoding=\"async\" loading=\"lazy\" src=\"https:\/\/www.europesays.com\/fr\/wp-content\/uploads\/2025\/05\/macron-nancy-hotel-de-ville-officiels-960x640.jpg\" alt=\"Les autorit\u00e9s locales attendent \u00e9galement devant l'h\u00f4tel de ville de Nancy.\" width=\"960\" height=\"640\"\/><br \/>\n    Les autorit\u00e9s locales attendent \u00e9galement devant l\u2019h\u00f4tel de ville de Nancy. (\u00a9Amandine Mehl \/ Lorraine Actu)Un imposant p\u00e9rim\u00e8tre de s\u00e9curit\u00e9 autour de la place Stanislas<\/p>\n<p class=\" wall-content\">Pour la venue d\u2019Emmanuel Macron, un <a href=\"https:\/\/actu.fr\/grand-est\/nancy_54395\/emmanuel-macron-a-nancy-vendredi-voici-les-rues-interdites-a-la-circulation-et-le-dispositif-de-securite_62606779.html\" rel=\"nofollow noopener\" target=\"_blank\">dispositif de s\u00e9curit\u00e9<\/a> a \u00e9t\u00e9 mis en place dans le centre-ville de Nancy. Des CRS sont post\u00e9s \u00e0 l\u2019entr\u00e9e de la rue des Dominicains et <strong>fouillent les sacs<\/strong>. La police fouille \u00e9galement les gens pour entrer <a href=\"https:\/\/actu.fr\/tag\/place-stanislas\" rel=\"nofollow noopener\" target=\"_blank\">place\u00a0Stanislas<\/a>.<\/p>\n<p class=\" wall-content\">\n      <img   decoding=\"async\" loading=\"lazy\" src=\"https:\/\/www.europesays.com\/fr\/wp-content\/uploads\/2025\/05\/rue-des-dominicains-crs-fouille-macron-police-960x640.jpg\" alt=\"Les passants sont fouill\u00e9s \u00e0 l'entr\u00e9e du p\u00e9rim\u00e8tre de s\u00e9curit\u00e9.\" width=\"960\" height=\"640\"\/><br \/>\n    Les passants sont fouill\u00e9s \u00e0 l\u2019entr\u00e9e du p\u00e9rim\u00e8tre de s\u00e9curit\u00e9. (\u00a9Amandine Mehl \/ Lorraine Actu)<br \/>\n      <img   decoding=\"async\" loading=\"lazy\" src=\"https:\/\/www.europesays.com\/fr\/wp-content\/uploads\/2025\/05\/place-stanislas-nancy-fouille-police-macron-960x640.jpg\" alt=\"Une fouille est organis\u00e9e \u00e0 l'entr\u00e9e de la place Stanislas.\" width=\"960\" height=\"640\"\/><br \/>\n    Une fouille est organis\u00e9e \u00e0 l\u2019entr\u00e9e de la place Stanislas. (\u00a9Amandine Mehl \/ Lorraine Actu)<\/p>\n<p class=\" wall-content\">On note une pr\u00e9sence polici\u00e8re tout de m\u00eame cons\u00e9quente, dans les rues autour du p\u00e9rim\u00e8tre notamment. Un p\u00e9rim\u00e8tre a \u00e9galement \u00e9t\u00e9 \u00e9tabli place Stanislas avec des barri\u00e8res.<\/p>\n<p>      <img   decoding=\"async\" loading=\"lazy\" src=\"https:\/\/www.europesays.com\/fr\/wp-content\/uploads\/2025\/05\/barriere-place-stanislas-macron-960x640.jpg\" alt=\"Si les \u00e9tablissements restent ouverts place Stanislas, une partie de la place n'est pas accessible.\" width=\"960\" height=\"640\"\/><br \/>\n    Si les \u00e9tablissements restent ouverts place Stanislas, une partie de la place n\u2019est pas accessible. (\u00a9Amandine Mehl \/ Lorraine Actu)<\/p>\n<p class=\" wall-content\">Plus d\u2019informations \u00e0 suivre.<\/p>\n<p class=\" wall-content\"><strong>Avec Amandine Mehl<\/strong><\/p>\n<p class=\" wall-content\">Suivez toute l\u2019actualit\u00e9 de vos villes et m\u00e9dias favoris en vous inscrivant \u00e0 <a href=\"https:\/\/moncompte.actu.fr\" title=\"D\u00e9couvez Mon Actu\" rel=\"nofollow noopener\" data-trk=\"{&quot;cta&quot;:{&quot;action&quot;:&quot;https:\\\/\\\/moncompte.actu.fr&quot;,&quot;category&quot;:&quot;mon compte&quot;,&quot;from&quot;:&quot;article footer&quot;,&quot;name&quot;:&quot;Mon actu&quot;,&quot;type&quot;:&quot;cta&quot;}}\" target=\"_blank\">Mon Actu<\/a>.<\/p>\n<ul class=\"ac-article-tag wall-content\">\n<li><a href=\"https:\/\/actu.fr\/tag\/emmanuel-macron\" data-trk=\"{&quot;cta&quot;:{&quot;action&quot;:&quot;Emmanuel Macron&quot;,&quot;category&quot;:&quot;tag&quot;,&quot;from&quot;:&quot;article footer&quot;,&quot;name&quot;:&quot;Emmanuel Macron&quot;,&quot;type&quot;:&quot;cta&quot;}}\" rel=\"nofollow noopener\" target=\"_blank\">#Emmanuel Macron<\/a><\/li>\n<li><a href=\"https:\/\/actu.fr\/tag\/place-stanislas\" data-trk=\"{&quot;cta&quot;:{&quot;action&quot;:&quot;Place Stanislas&quot;,&quot;category&quot;:&quot;tag&quot;,&quot;from&quot;:&quot;article footer&quot;,&quot;name&quot;:&quot;Place Stanislas&quot;,&quot;type&quot;:&quot;cta&quot;}}\" rel=\"nofollow noopener\" target=\"_blank\">#Place Stanislas<\/a><\/li>\n<\/ul>\n","protected":false},"excerpt":{"rendered":"Par Paul-Emile Bouchy Publi\u00e9 le 9 mai 2025 \u00e0 11h34 ; mis \u00e0 jour le 9 mai 2025&hellip;\n","protected":false},"author":2,"featured_media":87069,"comment_status":"","ping_status":"","sticky":false,"template":"","format":"standard","meta":{"footnotes":""},"categories":[2],"tags":[11,1073,1011,27,12,9647,104],"class_list":{"0":"post-87068","1":"post","2":"type-post","3":"status-publish","4":"format-standard","5":"has-post-thumbnail","7":"category-actualites","8":"tag-actualites","9":"tag-emmanuel-macron","10":"tag-fr","11":"tag-france","12":"tag-news","13":"tag-place-stanislas","14":"tag-societe"},"share_on_mastodon":{"url":"https:\/\/pubeurope.com\/@fr\/114478511879863260","error":""},"_links":{"self":[{"href":"https:\/\/www.europesays.com\/fr\/wp-json\/wp\/v2\/posts\/87068","targetHints":{"allow":["GET"]}}],"collection":[{"href":"https:\/\/www.europesays.com\/fr\/wp-json\/wp\/v2\/posts"}],"about":[{"href":"https:\/\/www.europesays.com\/fr\/wp-json\/wp\/v2\/types\/post"}],"author":[{"embeddable":true,"href":"https:\/\/www.europesays.com\/fr\/wp-json\/wp\/v2\/users\/2"}],"replies":[{"embeddable":true,"href":"https:\/\/www.europesays.com\/fr\/wp-json\/wp\/v2\/comments?post=87068"}],"version-history":[{"count":0,"href":"https:\/\/www.europesays.com\/fr\/wp-json\/wp\/v2\/posts\/87068\/revisions"}],"wp:featuredmedia":[{"embeddable":true,"href":"https:\/\/www.europesays.com\/fr\/wp-json\/wp\/v2\/media\/87069"}],"wp:attachment":[{"href":"https:\/\/www.europesays.com\/fr\/wp-json\/wp\/v2\/media?parent=87068"}],"wp:term":[{"taxonomy":"category","embeddable":true,"href":"https:\/\/www.europesays.com\/fr\/wp-json\/wp\/v2\/categories?post=87068"},{"taxonomy":"post_tag","embeddable":true,"href":"https:\/\/www.europesays.com\/fr\/wp-json\/wp\/v2\/tags?post=87068"}],"curies":[{"name":"wp","href":"https:\/\/api.w.org\/{rel}","templated":true}]}}