{"id":87070,"date":"2025-05-09T15:10:11","date_gmt":"2025-05-09T15:10:11","guid":{"rendered":"https:\/\/www.europesays.com\/fr\/87070\/"},"modified":"2025-05-09T15:10:11","modified_gmt":"2025-05-09T15:10:11","slug":"la-talaudiere-un-conducteur-interpelle-alors-quil-tentait-de-fuir-le-controle-des-policiers","status":"publish","type":"post","link":"https:\/\/www.europesays.com\/fr\/87070\/","title":{"rendered":"La Talaudi\u00e8re. Un conducteur interpell\u00e9 alors qu\u2019il tentait de fuir le contr\u00f4le des policiers"},"content":{"rendered":"<p>Le 5\u00a0mai dernier, les cam\u00e9ras de vid\u00e9osurveillance avaient surpris cinq hommes en train de lancer des objets par-dessus les grillages de la maison d\u2019arr\u00eat de La Talaudi\u00e8re. Les images avaient permis d\u2019identifier leur v\u00e9hicule, une Renault Clio, rapidement recherch\u00e9 par un important dispositif de police.<\/p>\n<p>Si les individus avaient finalement \u00e9t\u00e9 interpell\u00e9s par la Brigade anticriminalit\u00e9 et la Section d\u2019intervention, la brigade cynophile de la police nationale, qui avait \u00e9galement \u00e9t\u00e9 mobilis\u00e9e pour ces recherches, avait rep\u00e9r\u00e9 une petite citadine fran\u00e7aise de m\u00eame couleur, pr\u00e8s de la prison.<\/p>\n<p>  Il rentrait d\u2019une soir\u00e9e trop arros\u00e9e<\/p>\n<p>Les fonctionnaires pensaient avoir retrouv\u00e9 les individus recherch\u00e9s, d\u2019autant que le chauffeur tentait de leur \u00e9chapper, r\u00e9alisant un demi-tour sous leurs yeux, refusant de r\u00e9pondre \u00e0 leurs avertissements sonores et visuels.<\/p>\n<p>Finalement, les fonctionnaires r\u00e9ussissaient \u00e0 rattraper le v\u00e9hicule et \u00e0 contr\u00f4ler l\u2019homme au volant, rue Salvador-Allende. \u00c2g\u00e9 de 26 ans et r\u00e9sidant \u00e0 Saint-Etienne, ce dernier expliquait rentrer d\u2019une soir\u00e9e d\u2019anniversaire un peu trop arros\u00e9e dans le centre-ville st\u00e9phanois.<\/p>\n<p>Le jeune homme \u00e9tait interpell\u00e9 puis plac\u00e9 en garde \u00e0 vue. \u00c0 l\u2019issue, il s\u2019est vu signifier une convocation devant le tribunal correctionnel de Saint-Etienne, o\u00f9 il devra r\u00e9pondre d\u2019un refus d\u2019obtemp\u00e9rer et du refus de se soumettre aux contr\u00f4les d\u2019alcool\u00e9mie et de produits stup\u00e9fiants.<\/p>\n","protected":false},"excerpt":{"rendered":"Le 5\u00a0mai dernier, les cam\u00e9ras de vid\u00e9osurveillance avaient surpris cinq hommes en train de lancer des objets par-dessus&hellip;\n","protected":false},"author":2,"featured_media":87071,"comment_status":"","ping_status":"","sticky":false,"template":"","format":"standard","meta":{"footnotes":""},"categories":[9653],"tags":[1111,11,2430,271,272,7539,1777,674,274,107,1011,27,3367,12,25,4001,7538],"class_list":{"0":"post-87070","1":"post","2":"type-post","3":"status-publish","4":"format-standard","5":"has-post-thumbnail","7":"category-saint-etienne","8":"tag-actu","9":"tag-actualites","10":"tag-auvergne-rhone-alpes","11":"tag-crime","12":"tag-delit-et-contravention","13":"tag-edition-loire-sud","14":"tag-eu","15":"tag-europe","16":"tag-faits-divers-justice","17":"tag-fil-info","18":"tag-fr","19":"tag-france","20":"tag-loire","21":"tag-news","22":"tag-republique-francaise","23":"tag-saint-etienne","24":"tag-saint-etienne-ville"},"share_on_mastodon":{"url":"https:\/\/pubeurope.com\/@fr\/114478515692269676","error":""},"_links":{"self":[{"href":"https:\/\/www.europesays.com\/fr\/wp-json\/wp\/v2\/posts\/87070","targetHints":{"allow":["GET"]}}],"collection":[{"href":"https:\/\/www.europesays.com\/fr\/wp-json\/wp\/v2\/posts"}],"about":[{"href":"https:\/\/www.europesays.com\/fr\/wp-json\/wp\/v2\/types\/post"}],"author":[{"embeddable":true,"href":"https:\/\/www.europesays.com\/fr\/wp-json\/wp\/v2\/users\/2"}],"replies":[{"embeddable":true,"href":"https:\/\/www.europesays.com\/fr\/wp-json\/wp\/v2\/comments?post=87070"}],"version-history":[{"count":0,"href":"https:\/\/www.europesays.com\/fr\/wp-json\/wp\/v2\/posts\/87070\/revisions"}],"wp:featuredmedia":[{"embeddable":true,"href":"https:\/\/www.europesays.com\/fr\/wp-json\/wp\/v2\/media\/87071"}],"wp:attachment":[{"href":"https:\/\/www.europesays.com\/fr\/wp-json\/wp\/v2\/media?parent=87070"}],"wp:term":[{"taxonomy":"category","embeddable":true,"href":"https:\/\/www.europesays.com\/fr\/wp-json\/wp\/v2\/categories?post=87070"},{"taxonomy":"post_tag","embeddable":true,"href":"https:\/\/www.europesays.com\/fr\/wp-json\/wp\/v2\/tags?post=87070"}],"curies":[{"name":"wp","href":"https:\/\/api.w.org\/{rel}","templated":true}]}}