{"id":87074,"date":"2025-05-09T15:12:11","date_gmt":"2025-05-09T15:12:11","guid":{"rendered":"https:\/\/www.europesays.com\/fr\/87074\/"},"modified":"2025-05-09T15:12:11","modified_gmt":"2025-05-09T15:12:11","slug":"le-dispositif-decrypte-par-un-economiste","status":"publish","type":"post","link":"https:\/\/www.europesays.com\/fr\/87074\/","title":{"rendered":"le dispositif d\u00e9crypt\u00e9 par un \u00e9conomiste"},"content":{"rendered":"<p>Depuis 2023, l\u2019\u00c9tat finance 39 territoires \u00ab\u00a0z\u00e9ro non-recours\u00a0\u00bb, dont fait partie celui du d\u00e9partement de la Meurthe-et-Moselle. Dans quelle mesure les ambitions de ces exp\u00e9rimentations visant \u00e0 am\u00e9liorer l\u2019acc\u00e8s aux droits promeuvent une universalisation de la protection sociale\u00a0? Quelles sont les marges de man\u0153uvre \u00e0 droit constant de la S\u00e9curit\u00e9 sociale, dans un contexte actuel de r\u00e9formes de la protection sociale\u00a0?<\/p>\n<p>La conf\u00e9rence est anim\u00e9e par R\u00e9mi Le Gall, \u00e9conomiste, ma\u00eetre de conf\u00e9rences \u00e0 l\u2019IAE Nancy.<\/p>\n<p class=\"note\">Mercredi 14\u00a0mai \u00e0 18\u00a0h\u00a030 \u00e0 IRTS de Lorraine 201, avenue Raymond Pinchard. Entr\u00e9e libre.<\/p>\n","protected":false},"excerpt":{"rendered":"Depuis 2023, l\u2019\u00c9tat finance 39 territoires \u00ab\u00a0z\u00e9ro non-recours\u00a0\u00bb, dont fait partie celui du d\u00e9partement de la Meurthe-et-Moselle. Dans&hellip;\n","protected":false},"author":2,"featured_media":87075,"comment_status":"","ping_status":"","sticky":false,"template":"","format":"standard","meta":{"footnotes":""},"categories":[9635],"tags":[1111,11,6211,1687,1704,1777,674,1011,27,775,1702,1703,12,5486,25],"class_list":{"0":"post-87074","1":"post","2":"type-post","3":"status-publish","4":"format-standard","5":"has-post-thumbnail","7":"category-nancy","8":"tag-actu","9":"tag-actualites","10":"tag-conference","11":"tag-culture-loisirs","12":"tag-edition-nancy-et-agglomeration","13":"tag-eu","14":"tag-europe","15":"tag-fr","16":"tag-france","17":"tag-grand-est","18":"tag-nancy","19":"tag-nancy-ville-54b","20":"tag-news","21":"tag-rencontre","22":"tag-republique-francaise"},"share_on_mastodon":{"url":"https:\/\/pubeurope.com\/@fr\/114478523550825446","error":""},"_links":{"self":[{"href":"https:\/\/www.europesays.com\/fr\/wp-json\/wp\/v2\/posts\/87074","targetHints":{"allow":["GET"]}}],"collection":[{"href":"https:\/\/www.europesays.com\/fr\/wp-json\/wp\/v2\/posts"}],"about":[{"href":"https:\/\/www.europesays.com\/fr\/wp-json\/wp\/v2\/types\/post"}],"author":[{"embeddable":true,"href":"https:\/\/www.europesays.com\/fr\/wp-json\/wp\/v2\/users\/2"}],"replies":[{"embeddable":true,"href":"https:\/\/www.europesays.com\/fr\/wp-json\/wp\/v2\/comments?post=87074"}],"version-history":[{"count":0,"href":"https:\/\/www.europesays.com\/fr\/wp-json\/wp\/v2\/posts\/87074\/revisions"}],"wp:featuredmedia":[{"embeddable":true,"href":"https:\/\/www.europesays.com\/fr\/wp-json\/wp\/v2\/media\/87075"}],"wp:attachment":[{"href":"https:\/\/www.europesays.com\/fr\/wp-json\/wp\/v2\/media?parent=87074"}],"wp:term":[{"taxonomy":"category","embeddable":true,"href":"https:\/\/www.europesays.com\/fr\/wp-json\/wp\/v2\/categories?post=87074"},{"taxonomy":"post_tag","embeddable":true,"href":"https:\/\/www.europesays.com\/fr\/wp-json\/wp\/v2\/tags?post=87074"}],"curies":[{"name":"wp","href":"https:\/\/api.w.org\/{rel}","templated":true}]}}