{"id":87076,"date":"2025-05-09T15:13:10","date_gmt":"2025-05-09T15:13:10","guid":{"rendered":"https:\/\/www.europesays.com\/fr\/87076\/"},"modified":"2025-05-09T15:13:10","modified_gmt":"2025-05-09T15:13:10","slug":"face-a-moscou-et-a-limprevisibilite-americaine-paris-et-varsovie-resserrent-les-rangs-liberation","status":"publish","type":"post","link":"https:\/\/www.europesays.com\/fr\/87076\/","title":{"rendered":"face \u00e0 Moscou et \u00e0 l\u2019impr\u00e9visibilit\u00e9 am\u00e9ricaine, Paris et Varsovie resserrent les rangs \u2013 Lib\u00e9ration"},"content":{"rendered":"<p class=\"sc-ksZaOG ehjQrN text-element\">Pour souligner le rapprochement entre la France et la Pologne, Paris n\u2019a pas l\u00e9sin\u00e9 sur les symboles. En ce 9\u00a0mai, journ\u00e9e de l\u2019Europe, Emmanuel Macron et le Premier ministre polonais, Donald Tusk, se sont retrouv\u00e9s \u00e0 Nancy, ville d\u2019accueil de Stanislas Leszczynski, ancien roi de Pologne exil\u00e9 en France au XVIIIe\u00a0si\u00e8cle, pour signer un \u00abtrait\u00e9 d\u2019amiti\u00e9 et de coop\u00e9ration renforc\u00e9\u00bb. L\u2019objectif, indique l\u2019Elys\u00e9e, est de \u00abconsacrer une relation europ\u00e9enne devenue particuli\u00e8rement dense\u00bb et de \u00abrenforcer le partenariat bilat\u00e9ral en mati\u00e8re de s\u00e9curit\u00e9, de d\u00e9fense, d\u2019infrastructures et d\u2019\u00e9nergie\u00bb.<\/p>\n<p class=\"sc-ksZaOG ehjQrN text-element\">Dans un <a href=\"https:\/\/www.liberation.fr\/international\/europe\/guerre-en-europe-un-continent-au-bord-des-armes-20250508_FDBALCB34RGQNI74HIQYSBVB44\/\" target=\"_blank\" rel=\"noopener\">contexte europ\u00e9en particuli\u00e8rement troubl\u00e9<\/a>, \u00e0 la fois par la guerre en Ukraine et les menaces am\u00e9ricaines de d\u00e9sengagement du continent, la disposition cl\u00e9 du trait\u00e9 est militaire. \u00abPour moi, la question la plus importante est celle des garanties mutuelles de s\u00e9curit\u00e9. Cette clause de soutien mutuel en cas d\u2019agression contre l\u2019un de nos pays est l\u2019essence m\u00eame de ce trait\u00e9\u00bb, a soulign\u00e9 Donald Tusk avant de s\u2019envoler pour Nancy.<\/p>\n<p class=\"sc-ksZaOG ehjQrN text-element\">Pour la Pologne, longtemps tr\u00e8s atlantiste, l\u2019int\u00e9r\u00eat pour les dispositions de d\u00e9fense europ\u00e9ennes marque une forme de revirement. \u00abL\u2019ex\u00e9cutif pr\u00e9c\u00e9dent [men\u00e9 par les nationalistes conservateurs de Droit et Justice, ndlr] estimait que la base de<\/p>\n","protected":false},"excerpt":{"rendered":"Pour souligner le rapprochement entre la France et la Pologne, Paris n\u2019a pas l\u00e9sin\u00e9 sur les symboles. En&hellip;\n","protected":false},"author":2,"featured_media":87077,"comment_status":"","ping_status":"","sticky":false,"template":"","format":"standard","meta":{"footnotes":""},"categories":[9635],"tags":[1111,11,554,19429,1073,1777,674,1011,27,775,1702,12,2437,25,132],"class_list":{"0":"post-87076","1":"post","2":"type-post","3":"status-publish","4":"format-standard","5":"has-post-thumbnail","7":"category-nancy","8":"tag-actu","9":"tag-actualites","10":"tag-defense","11":"tag-donald-tusk","12":"tag-emmanuel-macron","13":"tag-eu","14":"tag-europe","15":"tag-fr","16":"tag-france","17":"tag-grand-est","18":"tag-nancy","19":"tag-news","20":"tag-pologne","21":"tag-republique-francaise","22":"tag-russie"},"share_on_mastodon":{"url":"https:\/\/pubeurope.com\/@fr\/114478527591771497","error":""},"_links":{"self":[{"href":"https:\/\/www.europesays.com\/fr\/wp-json\/wp\/v2\/posts\/87076","targetHints":{"allow":["GET"]}}],"collection":[{"href":"https:\/\/www.europesays.com\/fr\/wp-json\/wp\/v2\/posts"}],"about":[{"href":"https:\/\/www.europesays.com\/fr\/wp-json\/wp\/v2\/types\/post"}],"author":[{"embeddable":true,"href":"https:\/\/www.europesays.com\/fr\/wp-json\/wp\/v2\/users\/2"}],"replies":[{"embeddable":true,"href":"https:\/\/www.europesays.com\/fr\/wp-json\/wp\/v2\/comments?post=87076"}],"version-history":[{"count":0,"href":"https:\/\/www.europesays.com\/fr\/wp-json\/wp\/v2\/posts\/87076\/revisions"}],"wp:featuredmedia":[{"embeddable":true,"href":"https:\/\/www.europesays.com\/fr\/wp-json\/wp\/v2\/media\/87077"}],"wp:attachment":[{"href":"https:\/\/www.europesays.com\/fr\/wp-json\/wp\/v2\/media?parent=87076"}],"wp:term":[{"taxonomy":"category","embeddable":true,"href":"https:\/\/www.europesays.com\/fr\/wp-json\/wp\/v2\/categories?post=87076"},{"taxonomy":"post_tag","embeddable":true,"href":"https:\/\/www.europesays.com\/fr\/wp-json\/wp\/v2\/tags?post=87076"}],"curies":[{"name":"wp","href":"https:\/\/api.w.org\/{rel}","templated":true}]}}