{"id":870782,"date":"2026-04-15T13:24:30","date_gmt":"2026-04-15T13:24:30","guid":{"rendered":"https:\/\/www.europesays.com\/fr\/870782\/"},"modified":"2026-04-15T13:24:30","modified_gmt":"2026-04-15T13:24:30","slug":"le-soudan-denonce-une-conference-en-allemagne-au-parfum-de-tutelle-coloniale","status":"publish","type":"post","link":"https:\/\/www.europesays.com\/fr\/870782\/","title":{"rendered":"Le Soudan d\u00e9nonce une conf\u00e9rence en Allemagne au \u00ab parfum de tutelle coloniale \u00bb"},"content":{"rendered":"<p>Rania R.a. Abushamala<\/p>\n<p>15 Avril 2026\u2022Mise \u00e0 jour: 15 Avril 2026<\/p>\n<p>AA \/ Khartoum<\/p>\n<p>Le Soudan a d\u00e9nonc\u00e9 ce mercredi la tenue d\u2019une conf\u00e9rence en Allemagne sans consultation pr\u00e9alable avec ses autorit\u00e9s, y voyant une \u00ab approche de tutelle coloniale \u00bb par laquelle certains pays occidentaux chercheraient \u00e0 imposer leur agenda.<\/p>\n<p>Dans un communiqu\u00e9, le minist\u00e8re soudanais des Affaires \u00e9trang\u00e8res a estim\u00e9 que l\u2019organisation de cette rencontre sans coordination avec Khartoum ni invitation officielle du gouvernement traduisait un \u00ab m\u00e9pris des visions pr\u00e9sent\u00e9es par l\u2019\u00c9tat soudanais et ses institutions officielles \u00bb.<\/p>\n<p>La conf\u00e9rence, qui doit s\u2019ouvrir mercredi \u00e0 Berlin avec la participation de groupes politiques et civils soudanais, vise \u00e0 mobiliser des financements pour les populations affect\u00e9es par la guerre et \u00e0 examiner les moyens de mettre fin au conflit opposant l\u2019arm\u00e9e soudanaise aux Forces de soutien rapide (RSF), une formation paramilitaire.<\/p>\n<p>Selon le minist\u00e8re, cette initiative \u00ab refl\u00e8te une approche de tutelle coloniale encore pratiqu\u00e9e par certains pays occidentaux \u00bb, accus\u00e9s de tenter d\u2019imposer leur vision \u00e0 des \u00ab \u00c9tats et des peuples libres \u00bb.<\/p>\n<p>Khartoum a affirm\u00e9 qu\u2019il \u00ab n\u2019acceptera pas que des \u00c9tats ou des organisations r\u00e9gionales et internationales se r\u00e9unissent pour statuer sur ses affaires en contournant le gouvernement soudanais sous pr\u00e9texte de neutralit\u00e9 \u00bb, qualifiant cette justification de \u00ab d\u00e9nu\u00e9e de valeur \u00bb et de \u00ab pr\u00e9c\u00e9dent dangereux dans les relations internationales \u00bb.<\/p>\n<p>Les autorit\u00e9s soudanaises ont \u00e9galement mis en garde contre toute \u00ab mise sur un pied d\u2019\u00e9galit\u00e9 du gouvernement et de son arm\u00e9e nationale avec une milice terroriste criminelle et multinationale \u00bb, estimant qu\u2019une telle approche porterait atteinte aux \u00ab fondements de la s\u00e9curit\u00e9 r\u00e9gionale et internationale \u00bb.<\/p>\n<p>Le minist\u00e8re a en outre critiqu\u00e9 la mani\u00e8re dont le conflit est pr\u00e9sent\u00e9 lors de la conf\u00e9rence, la jugeant \u00ab inexacte et partiale \u00bb, estimant qu\u2019elle \u00ab ne favorise pas la paix mais accentue la polarisation \u00bb, et d\u00e9non\u00e7ant une repr\u00e9sentation du Soudan confi\u00e9e \u00e0 \u00ab des groupes limit\u00e9s et restreints \u00bb.<\/p>\n<p>Khartoum a toutefois assur\u00e9 rester dispos\u00e9 \u00e0 mettre fin au conflit et ouvert \u00e0 \u00ab des initiatives de paix s\u00e9rieuses et \u00e9quitables \u00bb, \u00e0 condition qu\u2019elles reposent sur une consultation avec le gouvernement et respectent \u00ab la souverainet\u00e9 et l\u2019int\u00e9grit\u00e9 territoriale \u00bb du pays.<\/p>\n<p>Le Soudan est plong\u00e9 dans un conflit depuis avril 2023 entre l\u2019arm\u00e9e et les RSF, sur fond de d\u00e9saccords concernant l\u2019int\u00e9gration de cette force paramilitaire au sein de l\u2019arm\u00e9e r\u00e9guli\u00e8re. La guerre a fait des dizaines de milliers de morts, d\u00e9plac\u00e9 environ 13 millions de personnes et plong\u00e9 certaines r\u00e9gions dans des conditions proches de la famine, constituant l\u2019une des plus graves crises humanitaires au monde.<\/p>\n<p>*Traduit de l&rsquo;anglais par Serap Dogansoy<\/p>\n","protected":false},"excerpt":{"rendered":"Rania R.a. Abushamala 15 Avril 2026\u2022Mise \u00e0 jour: 15 Avril 2026 AA \/ Khartoum Le Soudan a d\u00e9nonc\u00e9&hellip;\n","protected":false},"author":2,"featured_media":870783,"comment_status":"","ping_status":"","sticky":false,"template":"","format":"standard","meta":{"footnotes":"","_share_on_mastodon":"0"},"categories":[1587],"tags":[11,672,1804,1805,1803,1777,674,1801,12,1802,4535],"class_list":["post-870782","post","type-post","status-publish","format-standard","has-post-thumbnail","category-allemagne","tag-actualites","tag-allemagne","tag-bundesrepublik-deutschland","tag-de","tag-deutschland","tag-eu","tag-europe","tag-germany","tag-news","tag-republique-federale-dallemagne","tag-soudan"],"share_on_mastodon":{"url":"https:\/\/pubeurope.com\/@fr\/116408947177800374","error":""},"_links":{"self":[{"href":"https:\/\/www.europesays.com\/fr\/wp-json\/wp\/v2\/posts\/870782","targetHints":{"allow":["GET"]}}],"collection":[{"href":"https:\/\/www.europesays.com\/fr\/wp-json\/wp\/v2\/posts"}],"about":[{"href":"https:\/\/www.europesays.com\/fr\/wp-json\/wp\/v2\/types\/post"}],"author":[{"embeddable":true,"href":"https:\/\/www.europesays.com\/fr\/wp-json\/wp\/v2\/users\/2"}],"replies":[{"embeddable":true,"href":"https:\/\/www.europesays.com\/fr\/wp-json\/wp\/v2\/comments?post=870782"}],"version-history":[{"count":0,"href":"https:\/\/www.europesays.com\/fr\/wp-json\/wp\/v2\/posts\/870782\/revisions"}],"wp:featuredmedia":[{"embeddable":true,"href":"https:\/\/www.europesays.com\/fr\/wp-json\/wp\/v2\/media\/870783"}],"wp:attachment":[{"href":"https:\/\/www.europesays.com\/fr\/wp-json\/wp\/v2\/media?parent=870782"}],"wp:term":[{"taxonomy":"category","embeddable":true,"href":"https:\/\/www.europesays.com\/fr\/wp-json\/wp\/v2\/categories?post=870782"},{"taxonomy":"post_tag","embeddable":true,"href":"https:\/\/www.europesays.com\/fr\/wp-json\/wp\/v2\/tags?post=870782"}],"curies":[{"name":"wp","href":"https:\/\/api.w.org\/{rel}","templated":true}]}}