{"id":87080,"date":"2025-05-09T15:15:10","date_gmt":"2025-05-09T15:15:10","guid":{"rendered":"https:\/\/www.europesays.com\/fr\/87080\/"},"modified":"2025-05-09T15:15:10","modified_gmt":"2025-05-09T15:15:10","slug":"jaminet-et-frisch-toulon-bientot-de-retour-mais-absents-face-a-toulouse","status":"publish","type":"post","link":"https:\/\/www.europesays.com\/fr\/87080\/","title":{"rendered":"Jaminet et Frisch (Toulon) bient\u00f4t de retour mais absents face \u00e0 Toulouse"},"content":{"rendered":"<p>Le manager toulonnais Pierre Mignoni esp\u00e8re r\u00e9cup\u00e9rer la semaine prochaine \u00e0 l\u2019entra\u00eenement ses deux internationaux fran\u00e7ais, Antoine Frisch et Melvyn Jaminet.<\/p>\n<p class=\"fig-paragraph\">Les deux internationaux fran\u00e7ais Antoine Frisch et\u00a0<a href=\"http:\/\/www.lefigaro.fr\/sports\/rugby\/top-14\/top-14-coup-dur-pour-toulon-jaminet-sera-absent-un-mois-20250430\" target=\"_blank\" data-fig-type=\"NewsFlash\" rel=\"noopener\" data-gtm-custom-categorie=\"navigation\" data-gtm-custom-action=\"crossclick\" data-gtm-custom-label=\"Contextuel\" data-gtm-event=\"customEventSPE\" data-fig-domain=\"LEFIGARO\">Melvyn Jaminet<\/a>\u00a0devraient bient\u00f4t faire leur retour \u00e0 l&rsquo;entra\u00eenement avec le Rugby Club Toulonnais, a annonc\u00e9\u00a0<a href=\"http:\/\/www.lefigaro.fr\/sports\/rugby\/top-14\/pierre-mignoni-entraineur-de-toulon-mes-joueurs-je-les-aime-20250326\" target=\"_blank\" data-fig-type=\"Article\" rel=\"noopener\" data-gtm-custom-categorie=\"navigation\" data-gtm-custom-action=\"crossclick\" data-gtm-custom-label=\"Contextuel\" data-gtm-event=\"customEventSPE\" data-fig-domain=\"LEFIGARO\">le manager varois Pierre Mignoni<\/a>\u00a0vendredi \u00e0 la veille de recevoir Toulouse pour la 23e journ\u00e9e de Top 14.<\/p>\n<p class=\"fig-paragraph\">Victime d&rsquo;une fracture du pied en f\u00e9vrier dernier, le trois-quarts centre Antoine Frisch (28 ans, 2 s\u00e9lections) a repris la course cette semaine. \u00abCe n&rsquo;est pas encore s\u00fbr, mais il reprendra peut-\u00eatre l&rsquo;entra\u00eenement la semaine prochaine\u00bb, a pr\u00e9cis\u00e9 Pierre Mignoni en conf\u00e9rence de presse \u00e0 propos de l&rsquo;ancien joueur du Munster, alors qu&rsquo;une fin de saison \u00e9tait un temps redout\u00e9e.<\/p>\n<p class=\"fig-paragraph\">L&rsquo;arri\u00e8re Melvyn Jaminet (25 ans, 20 s\u00e9lections), victime d&rsquo;une commotion et d&rsquo;une fracture de l&rsquo;os zygomatique (visage) lors du d\u00e9placement \u00e0 Vannes, a lui \u00e9t\u00e9 op\u00e9r\u00e9 avec succ\u00e8s quelques jours apr\u00e8s la rencontre. \u00abMelvyn est indisponible pour ce match contre Toulouse. En ce qui concerne la commotion, c&rsquo;est bon, mais son op\u00e9ration \u00e9tait n\u00e9cessaire et on esp\u00e8re que son indisponibilit\u00e9 ne d\u00e9passera pas dix jours. Il devra aussi certainement porter une protection lorsqu&rsquo;il pourra rejouer\u00bb, a indiqu\u00e9 Pierre Mignoni.<\/p>\n<p>Ribbans \u00e9galement forfait, Sinckler de retour<\/p>\n<p class=\"fig-paragraph\">Le deuxi\u00e8me ligne anglais David Ribbans est lui aussi forfait pour affronter le Stade Toulousain \u00e0 Marseille ce samedi (21h05), toujours touch\u00e9 \u00e0 un mollet. Le capitaine du RCT reste \u00e0 l&rsquo;infirmerie comme les bless\u00e9s de longue dur\u00e9e, Charles Ollivon et Gianmarco Lucchesi, tous deux op\u00e9r\u00e9s d&rsquo;un ligament crois\u00e9 d&rsquo;un genou. En revanche, le RCT peut compter sur le retour du pilier droit international anglais Kyle Sinckler, remis d&rsquo;une blessure \u00e0 un mollet.<\/p>\n<p class=\"fig-paragraph\">Le Rugby Club Toulonnais retrouve Toulouse samedi soir, pr\u00e8s d&rsquo;un mois apr\u00e8s son \u00e9limination en quart de finale de Champions Cup, pour tenter d&rsquo;int\u00e9grer les deux premi\u00e8res places du championnat.<\/p>\n","protected":false},"excerpt":{"rendered":"Le manager toulonnais Pierre Mignoni esp\u00e8re r\u00e9cup\u00e9rer la semaine prochaine \u00e0 l\u2019entra\u00eenement ses deux internationaux fran\u00e7ais, Antoine Frisch&hellip;\n","protected":false},"author":2,"featured_media":87081,"comment_status":"","ping_status":"","sticky":false,"template":"","format":"standard","meta":{"footnotes":""},"categories":[9619],"tags":[1111,11,525,4590,1981,2313,814,1777,674,1011,27,955,13084,12,4589,882,2311,8177,25,1980,479,2259,478,2310,2312],"class_list":{"0":"post-87080","1":"post","2":"type-post","3":"status-publish","4":"format-standard","5":"has-post-thumbnail","7":"category-toulon","8":"tag-actu","9":"tag-actualites","10":"tag-calendrier","11":"tag-championnat-france","12":"tag-classement","13":"tag-clermont","14":"tag-direct","15":"tag-eu","16":"tag-europe","17":"tag-fr","18":"tag-france","19":"tag-match","20":"tag-melvyn-jaminet","21":"tag-news","22":"tag-phase-finale","23":"tag-provence-alpes-cote-dazur","24":"tag-racing","25":"tag-rc-toulon","26":"tag-republique-francaise","27":"tag-resultats","28":"tag-rugby","29":"tag-score","30":"tag-top-14","31":"tag-toulon","32":"tag-toulouse"},"share_on_mastodon":{"url":"https:\/\/pubeurope.com\/@fr\/114478535433268455","error":""},"_links":{"self":[{"href":"https:\/\/www.europesays.com\/fr\/wp-json\/wp\/v2\/posts\/87080","targetHints":{"allow":["GET"]}}],"collection":[{"href":"https:\/\/www.europesays.com\/fr\/wp-json\/wp\/v2\/posts"}],"about":[{"href":"https:\/\/www.europesays.com\/fr\/wp-json\/wp\/v2\/types\/post"}],"author":[{"embeddable":true,"href":"https:\/\/www.europesays.com\/fr\/wp-json\/wp\/v2\/users\/2"}],"replies":[{"embeddable":true,"href":"https:\/\/www.europesays.com\/fr\/wp-json\/wp\/v2\/comments?post=87080"}],"version-history":[{"count":0,"href":"https:\/\/www.europesays.com\/fr\/wp-json\/wp\/v2\/posts\/87080\/revisions"}],"wp:featuredmedia":[{"embeddable":true,"href":"https:\/\/www.europesays.com\/fr\/wp-json\/wp\/v2\/media\/87081"}],"wp:attachment":[{"href":"https:\/\/www.europesays.com\/fr\/wp-json\/wp\/v2\/media?parent=87080"}],"wp:term":[{"taxonomy":"category","embeddable":true,"href":"https:\/\/www.europesays.com\/fr\/wp-json\/wp\/v2\/categories?post=87080"},{"taxonomy":"post_tag","embeddable":true,"href":"https:\/\/www.europesays.com\/fr\/wp-json\/wp\/v2\/tags?post=87080"}],"curies":[{"name":"wp","href":"https:\/\/api.w.org\/{rel}","templated":true}]}}