{"id":87086,"date":"2025-05-09T15:21:14","date_gmt":"2025-05-09T15:21:14","guid":{"rendered":"https:\/\/www.europesays.com\/fr\/87086\/"},"modified":"2025-05-09T15:21:14","modified_gmt":"2025-05-09T15:21:14","slug":"grenoble-le-coup-de-gueule-de-cet-elu-sur-le-retour-des-pubs-dans-les-boites-aux-lettres","status":"publish","type":"post","link":"https:\/\/www.europesays.com\/fr\/87086\/","title":{"rendered":"Grenoble. Le coup de gueule de cet \u00e9lu sur le retour des pubs dans les bo\u00eetes aux lettres"},"content":{"rendered":"<p>            Par<br \/>\n        <strong><br \/>\n            <a href=\"https:\/\/actu.fr\/auteur\/lisa-rodrigues\" title=\"Consulter tous les articles de Lisa Rodrigues\" target=\"_blank\" rel=\"noopener\">Lisa Rodrigues<\/a><br \/>\n        <\/strong><\/p>\n<p>        Publi\u00e9 le<\/p>\n<p>            9 mai 2025 \u00e0 16h47        <\/p>\n<p>En tant qu\u2019habitants de <a href=\"https:\/\/actu.fr\/auvergne-rhone-alpes\/grenoble_38185\" target=\"_blank\" rel=\"noopener\">Grenoble<\/a> et ses alentours, vous avez peut-\u00eatre remarqu\u00e9 que les catalogues publicitaires et autres flyers promotionnels ont quitt\u00e9 petit \u00e0 petit votre bo\u00eete aux lettres ? Ils pourraient bien <strong>revenir tr\u00e8s prochainement<\/strong>, suite \u00e0 la fin de <a href=\"https:\/\/actu.fr\/societe\/oui-pub-un-nouvel-autocollant-pour-recevoir-les-prospectus-dans-sa-boite-aux-lettres_50687499.html\" target=\"_blank\" rel=\"noopener\">l\u2019exp\u00e9rimentation \u00ab\u00a0Oui pub\u00a0\u00bb<\/a> d\u00e9cid\u00e9e par le gouvernement.<\/p>\n<p class=\" wall-content\">De quoi faire r\u00e9agir Lionel Coiffard, vice-pr\u00e9sident de Grenoble-Alpes M\u00e9tropole en charge de la collecte et de la valorisation des d\u00e9chets. Dans un long post sur ses r\u00e9seaux sociaux, il se d\u00e9sole de cette d\u00e9cision.<\/p>\n<p>Moins de d\u00e9chets papier<\/p>\n<p class=\" wall-content\">Depuis trois ans, la r\u00e8gle pour le d\u00e9p\u00f4t de publicit\u00e9 dans les bo\u00eetes aux lettres de la M\u00e9tropole \u00e9tait simple : si un autocollant \u00ab\u00a0Oui pub\u00a0\u00bb \u00e9tait visible, alors seulement la distribution de prospectus \u00e9tait autoris\u00e9e.\u00a0<\/p>\n<p class=\" wall-content\">Et les r\u00e9sultats \u00e9taient plus que satisfaisants, selon Lionel Coiffard. \u00ab\u00a0Pour notre m\u00e9tropole, les mesures faites nous montrent <strong>entre 1 400 tonnes et 2 500 tonnes en moin<\/strong>s chaque ann\u00e9e des trois [ans] de l\u2019exp\u00e9rimentation.\u00a0\u00bb<\/p>\n<p>    <a href=\"https:\/\/www.facebook.com\/plugins\/post.php?href=https%3A%2F%2Fwww.facebook.com%2Flionel.coiffard.9%2Fposts%2Fpfbid0uoheaFe7Zdg1GxLtmF8aThCKKidVRxddsaxSVhpTppggsbN3puuScVDhiafGDvnyl&amp;show_text=true&amp;width=350\" title=\"Ouvrie le lien\" target=\"_blank\" rel=\"noopener\">Cliquez ici pour visualiser le contenu<\/a><\/p>\n<p>Vid\u00e9os : en ce moment sur Actu<\/p>\n<p class=\" wall-content\">Selon les estimations de la M\u00e9tropole, dans chaque commune, <strong>moins de 10% des habitants<\/strong> souhaitaient recevoir les publicit\u00e9s. \u00ab\u00a0Il devenait logique que le gouvernement propose une loi pour g\u00e9n\u00e9raliser le principe autorisant toutes les collectivit\u00e9s \u00e0 interdire partout les prospectus inutiles, avec pourquoi pas un dispositif comme le Oui-PUB\u00a0\u00bb, plaide l\u2019\u00e9lu.<\/p>\n<p>En attente d\u2019une loi<\/p>\n<p class=\" wall-content\">Mais cela n\u2019arrivera vraisemblablement pas, du moins pas tout de suite. Aucune proposition ou projet de loi n\u2019a \u00e9t\u00e9 d\u00e9pos\u00e9e pour p\u00e9renniser le dispositif. L\u2019exp\u00e9rimentation, malgr\u00e9 son succ\u00e8s sur Grenoble, prend donc fin.<\/p>\n<p class=\" wall-content\">\u00ab\u00a0Nous persistons localement \u00e0 ne pas encourager cette distribution inutile et ce g\u00e2chis de papier, clame Lionel Coiffard. Notre M\u00e9tropole, <strong>sans une loi, n\u2019a pas le pouvoir juridiqu<\/strong>e de maintenir l\u2019interdiction.\u00a0\u00bb<\/p>\n<p class=\" wall-content\">En attendant, il est conseill\u00e9 aux habitants ne souhaitant pas recevoir les prospectus d\u2019apposer l\u2019ancien autocollant <a href=\"https:\/\/actu.fr\/societe\/stop-pub-marre-de-la-publicite-papier-voici-comment-limiter-le-demarchage-en-boite-aux-lettres_39636465.html\" target=\"_blank\" rel=\"noopener\">\u00ab\u00a0Stop Pub\u00a0\u00bb<\/a> sur sa bo\u00eete aux lettres.<\/p>\n<p class=\" wall-content\">Suivez toute l\u2019actualit\u00e9 de vos villes et m\u00e9dias favoris en vous inscrivant \u00e0 <a href=\"https:\/\/moncompte.actu.fr\" title=\"D\u00e9couvez Mon Actu\" rel=\"nofollow noopener\" data-trk=\"{&quot;cta&quot;:{&quot;action&quot;:&quot;https:\\\/\\\/moncompte.actu.fr&quot;,&quot;category&quot;:&quot;mon compte&quot;,&quot;from&quot;:&quot;article footer&quot;,&quot;name&quot;:&quot;Mon actu&quot;,&quot;type&quot;:&quot;cta&quot;}}\" target=\"_blank\">Mon Actu<\/a>.<\/p>\n<ul class=\"ac-article-tag wall-content\">\n<li><a href=\"https:\/\/actu.fr\/tag\/ecologie\" data-trk=\"{&quot;cta&quot;:{&quot;action&quot;:&quot;Ecologie&quot;,&quot;category&quot;:&quot;tag&quot;,&quot;from&quot;:&quot;article footer&quot;,&quot;name&quot;:&quot;Ecologie&quot;,&quot;type&quot;:&quot;cta&quot;}}\" target=\"_blank\" rel=\"noopener\">#Ecologie<\/a><\/li>\n<li><a href=\"https:\/\/actu.fr\/tag\/grenoble-alpes-metropole\" data-trk=\"{&quot;cta&quot;:{&quot;action&quot;:&quot;Grenoble-Alpes M\\u00e9tropole&quot;,&quot;category&quot;:&quot;tag&quot;,&quot;from&quot;:&quot;article footer&quot;,&quot;name&quot;:&quot;Grenoble-Alpes M\\u00e9tropole&quot;,&quot;type&quot;:&quot;cta&quot;}}\" target=\"_blank\" rel=\"noopener\">#Grenoble-Alpes M\u00e9tropole<\/a><\/li>\n<\/ul>\n","protected":false},"excerpt":{"rendered":"Par Lisa Rodrigues Publi\u00e9 le 9 mai 2025 \u00e0 16h47 En tant qu\u2019habitants de Grenoble et ses alentours,&hellip;\n","protected":false},"author":2,"featured_media":87087,"comment_status":"","ping_status":"","sticky":false,"template":"","format":"standard","meta":{"footnotes":""},"categories":[9566],"tags":[1111,11,2430,51,1777,674,1011,27,2731,19692,12,25,104],"class_list":{"0":"post-87086","1":"post","2":"type-post","3":"status-publish","4":"format-standard","5":"has-post-thumbnail","7":"category-grenoble","8":"tag-actu","9":"tag-actualites","10":"tag-auvergne-rhone-alpes","11":"tag-ecologie","12":"tag-eu","13":"tag-europe","14":"tag-fr","15":"tag-france","16":"tag-grenoble","17":"tag-grenoble-alpes-metropole","18":"tag-news","19":"tag-republique-francaise","20":"tag-societe"},"share_on_mastodon":{"url":"https:\/\/pubeurope.com\/@fr\/114478558930163415","error":""},"_links":{"self":[{"href":"https:\/\/www.europesays.com\/fr\/wp-json\/wp\/v2\/posts\/87086","targetHints":{"allow":["GET"]}}],"collection":[{"href":"https:\/\/www.europesays.com\/fr\/wp-json\/wp\/v2\/posts"}],"about":[{"href":"https:\/\/www.europesays.com\/fr\/wp-json\/wp\/v2\/types\/post"}],"author":[{"embeddable":true,"href":"https:\/\/www.europesays.com\/fr\/wp-json\/wp\/v2\/users\/2"}],"replies":[{"embeddable":true,"href":"https:\/\/www.europesays.com\/fr\/wp-json\/wp\/v2\/comments?post=87086"}],"version-history":[{"count":0,"href":"https:\/\/www.europesays.com\/fr\/wp-json\/wp\/v2\/posts\/87086\/revisions"}],"wp:featuredmedia":[{"embeddable":true,"href":"https:\/\/www.europesays.com\/fr\/wp-json\/wp\/v2\/media\/87087"}],"wp:attachment":[{"href":"https:\/\/www.europesays.com\/fr\/wp-json\/wp\/v2\/media?parent=87086"}],"wp:term":[{"taxonomy":"category","embeddable":true,"href":"https:\/\/www.europesays.com\/fr\/wp-json\/wp\/v2\/categories?post=87086"},{"taxonomy":"post_tag","embeddable":true,"href":"https:\/\/www.europesays.com\/fr\/wp-json\/wp\/v2\/tags?post=87086"}],"curies":[{"name":"wp","href":"https:\/\/api.w.org\/{rel}","templated":true}]}}