{"id":87094,"date":"2025-05-09T15:25:11","date_gmt":"2025-05-09T15:25:11","guid":{"rendered":"https:\/\/www.europesays.com\/fr\/87094\/"},"modified":"2025-05-09T15:25:11","modified_gmt":"2025-05-09T15:25:11","slug":"des-projets-innovants-emergent-de-la-demarche-start-up-de-territoire","status":"publish","type":"post","link":"https:\/\/www.europesays.com\/fr\/87094\/","title":{"rendered":"des projets innovants \u00e9mergent de la d\u00e9marche Start Up de territoire"},"content":{"rendered":"<p>de nombreuses personnes se sont investies dans la soir\u00e9e Start Up de territoire organis\u00e9e par le conseil d\u00e9partemental, qui s\u2019est d\u00e9roul\u00e9e dans la salle des f\u00eates. Pr\u00e8s d\u2019une centaine de personnes sont venues travailler sur diff\u00e9rents d\u00e9fis.<\/p>\n<p>Parmi ces projets\u00a0: Yutopia, tiers-lieu \u00e9ducatif, scientifique et ludique, \u00ab\u00a0apprendre en s\u2019amusant\u00a0\u00bb\u00a0; BEER, le&#8230;<\/p>\n","protected":false},"excerpt":{"rendered":"de nombreuses personnes se sont investies dans la soir\u00e9e Start Up de territoire organis\u00e9e par le conseil d\u00e9partemental,&hellip;\n","protected":false},"author":2,"featured_media":87095,"comment_status":"","ping_status":"","sticky":false,"template":"","format":"standard","meta":{"footnotes":""},"categories":[2820],"tags":[1111,11,9204,7110,1707,1777,674,1011,27,775,12,25,104,640],"class_list":{"0":"post-87094","1":"post","2":"type-post","3":"status-publish","4":"format-standard","5":"has-post-thumbnail","7":"category-strasbourg","8":"tag-actu","9":"tag-actualites","10":"tag-baccarat","11":"tag-cc-du-territoire-de-luneville-a-baccarat-54a","12":"tag-edition-luneville","13":"tag-eu","14":"tag-europe","15":"tag-fr","16":"tag-france","17":"tag-grand-est","18":"tag-news","19":"tag-republique-francaise","20":"tag-societe","21":"tag-strasbourg"},"share_on_mastodon":{"url":"https:\/\/pubeurope.com\/@fr\/114478574697015671","error":""},"_links":{"self":[{"href":"https:\/\/www.europesays.com\/fr\/wp-json\/wp\/v2\/posts\/87094","targetHints":{"allow":["GET"]}}],"collection":[{"href":"https:\/\/www.europesays.com\/fr\/wp-json\/wp\/v2\/posts"}],"about":[{"href":"https:\/\/www.europesays.com\/fr\/wp-json\/wp\/v2\/types\/post"}],"author":[{"embeddable":true,"href":"https:\/\/www.europesays.com\/fr\/wp-json\/wp\/v2\/users\/2"}],"replies":[{"embeddable":true,"href":"https:\/\/www.europesays.com\/fr\/wp-json\/wp\/v2\/comments?post=87094"}],"version-history":[{"count":0,"href":"https:\/\/www.europesays.com\/fr\/wp-json\/wp\/v2\/posts\/87094\/revisions"}],"wp:featuredmedia":[{"embeddable":true,"href":"https:\/\/www.europesays.com\/fr\/wp-json\/wp\/v2\/media\/87095"}],"wp:attachment":[{"href":"https:\/\/www.europesays.com\/fr\/wp-json\/wp\/v2\/media?parent=87094"}],"wp:term":[{"taxonomy":"category","embeddable":true,"href":"https:\/\/www.europesays.com\/fr\/wp-json\/wp\/v2\/categories?post=87094"},{"taxonomy":"post_tag","embeddable":true,"href":"https:\/\/www.europesays.com\/fr\/wp-json\/wp\/v2\/tags?post=87094"}],"curies":[{"name":"wp","href":"https:\/\/api.w.org\/{rel}","templated":true}]}}