{"id":87106,"date":"2025-05-09T15:31:08","date_gmt":"2025-05-09T15:31:08","guid":{"rendered":"https:\/\/www.europesays.com\/fr\/87106\/"},"modified":"2025-05-09T15:31:08","modified_gmt":"2025-05-09T15:31:08","slug":"deux-paquebots-coupent-la-circulation-sur-le-pont-chaban-delmas","status":"publish","type":"post","link":"https:\/\/www.europesays.com\/fr\/87106\/","title":{"rendered":"deux paquebots coupent la circulation sur le pont Chaban-Delmas"},"content":{"rendered":"<p>            Par<br \/>\n        <strong><br \/>\n            <a href=\"https:\/\/actu.fr\/auteur\/aurelien-cardot\" title=\"Consulter tous les articles de Aurelien Cardot\" target=\"_blank\" rel=\"noopener\">Aurelien Cardot<\/a><br \/>\n        <\/strong><\/p>\n<p>        Publi\u00e9 le<\/p>\n<p>            9 mai 2025 \u00e0 15h17        <\/p>\n<p>Une man\u0153uvre pr\u00e9vue t\u00f4t, mais qui aura des cons\u00e9quences pour les Bordelais les plus matinaux. Le <a href=\"https:\/\/actu.fr\/tag\/pont-chaban-delmas\" target=\"_blank\" rel=\"noopener\">pont Chaban-Delmas<\/a> sera <strong>totalement ferm\u00e9<\/strong> \u00e0 la <a href=\"https:\/\/actu.fr\/tag\/circulation\" target=\"_blank\" rel=\"noopener\">circulation<\/a> samedi 10 mai 2025, de 5h34 \u00e0 7h22, en raison du passage de deux paquebots : Le Bor\u00e9al et Le Balmoral.<\/p>\n<p>Le Bor\u00e9al<\/p>\n<p class=\" wall-content\">Mis en service en 2010, le premier est un navire moderne de la compagnie fran\u00e7aise Ponant qui peut accueillir jusqu\u2019\u00e0 <strong>264 passagers<\/strong>.<\/p>\n<p class=\" wall-content\">Con\u00e7u pour les croisi\u00e8res d\u2019exp\u00e9dition, <strong>Le Bor\u00e9al<\/strong> peut acc\u00e9der \u00e0 des zones plus isol\u00e9es gr\u00e2ce \u00e0 sont petit gabarit, notamment dans les r\u00e9gions polaires.<\/p>\n<p>Le Balmoral<\/p>\n<p class=\" wall-content\">Le Balmoral, lui, est un v\u00e9t\u00e9ran des mers. Lanc\u00e9 en 1988, ce grand paquebot de 188 m\u00e8tres transporte pr\u00e8s de <strong>1 800 passagers<\/strong>.<\/p>\n<p class=\" wall-content\">Il appartient \u00e0 la compagnie britannique Fred Olsen Cruises et a \u00e9t\u00e9 enti\u00e8rement r\u00e9nov\u00e9 pour r\u00e9pondre aux go\u00fbts du public britannique, avec notamment l\u2019ajout de <strong>nombreux balcons<\/strong> et <strong>espaces de d\u00e9tente<\/strong>.<\/p>\n<p>Vid\u00e9os : en ce moment sur Actu<\/p>\n<p class=\" wall-content\">Ces fermetures ponctuelles du pont Chaban-Delmas permettent aux grands navires de croisi\u00e8re d\u2019acc\u00e9der au centre de la ville. Une op\u00e9ration r\u00e9guli\u00e8re \u00e0 <a href=\"http:\/\/actu.fr\/bordeaux\" target=\"_blank\" rel=\"noopener\">Bordeaux<\/a>, o\u00f9 le port accueille chaque ann\u00e9e plusieurs dizaines de navires de croisi\u00e8re.<\/p>\n<p class=\" wall-content\">Suivez toute l\u2019actualit\u00e9 de vos villes et m\u00e9dias favoris en vous inscrivant \u00e0 <a href=\"https:\/\/moncompte.actu.fr\" title=\"D\u00e9couvez Mon Actu\" rel=\"nofollow noopener\" data-trk=\"{&quot;cta&quot;:{&quot;action&quot;:&quot;https:\\\/\\\/moncompte.actu.fr&quot;,&quot;category&quot;:&quot;mon compte&quot;,&quot;from&quot;:&quot;article footer&quot;,&quot;name&quot;:&quot;Mon actu&quot;,&quot;type&quot;:&quot;cta&quot;}}\" target=\"_blank\">Mon Actu<\/a>.<\/p>\n<ul class=\"ac-article-tag wall-content\">\n<li><a href=\"https:\/\/actu.fr\/tag\/circulation\" data-trk=\"{&quot;cta&quot;:{&quot;action&quot;:&quot;Circulation&quot;,&quot;category&quot;:&quot;tag&quot;,&quot;from&quot;:&quot;article footer&quot;,&quot;name&quot;:&quot;Circulation&quot;,&quot;type&quot;:&quot;cta&quot;}}\" target=\"_blank\" rel=\"noopener\">#Circulation<\/a><\/li>\n<li><a href=\"https:\/\/actu.fr\/tag\/pont-chaban-delmas\" data-trk=\"{&quot;cta&quot;:{&quot;action&quot;:&quot;Pont Chaban-Delmas&quot;,&quot;category&quot;:&quot;tag&quot;,&quot;from&quot;:&quot;article footer&quot;,&quot;name&quot;:&quot;Pont Chaban-Delmas&quot;,&quot;type&quot;:&quot;cta&quot;}}\" target=\"_blank\" rel=\"noopener\">#Pont Chaban-Delmas<\/a><\/li>\n<\/ul>\n","protected":false},"excerpt":{"rendered":"Par Aurelien Cardot Publi\u00e9 le 9 mai 2025 \u00e0 15h17 Une man\u0153uvre pr\u00e9vue t\u00f4t, mais qui aura des&hellip;\n","protected":false},"author":2,"featured_media":87107,"comment_status":"","ping_status":"","sticky":false,"template":"","format":"standard","meta":{"footnotes":""},"categories":[2817],"tags":[1111,11,1997,3542,1777,674,1011,27,12,2219,4399,25,104],"class_list":{"0":"post-87106","1":"post","2":"type-post","3":"status-publish","4":"format-standard","5":"has-post-thumbnail","7":"category-bordeaux","8":"tag-actu","9":"tag-actualites","10":"tag-bordeaux","11":"tag-circulation","12":"tag-eu","13":"tag-europe","14":"tag-fr","15":"tag-france","16":"tag-news","17":"tag-nouvelle-aquitaine","18":"tag-pont-chaban-delmas","19":"tag-republique-francaise","20":"tag-societe"},"share_on_mastodon":{"url":"https:\/\/pubeurope.com\/@fr\/114478598259781330","error":""},"_links":{"self":[{"href":"https:\/\/www.europesays.com\/fr\/wp-json\/wp\/v2\/posts\/87106","targetHints":{"allow":["GET"]}}],"collection":[{"href":"https:\/\/www.europesays.com\/fr\/wp-json\/wp\/v2\/posts"}],"about":[{"href":"https:\/\/www.europesays.com\/fr\/wp-json\/wp\/v2\/types\/post"}],"author":[{"embeddable":true,"href":"https:\/\/www.europesays.com\/fr\/wp-json\/wp\/v2\/users\/2"}],"replies":[{"embeddable":true,"href":"https:\/\/www.europesays.com\/fr\/wp-json\/wp\/v2\/comments?post=87106"}],"version-history":[{"count":0,"href":"https:\/\/www.europesays.com\/fr\/wp-json\/wp\/v2\/posts\/87106\/revisions"}],"wp:featuredmedia":[{"embeddable":true,"href":"https:\/\/www.europesays.com\/fr\/wp-json\/wp\/v2\/media\/87107"}],"wp:attachment":[{"href":"https:\/\/www.europesays.com\/fr\/wp-json\/wp\/v2\/media?parent=87106"}],"wp:term":[{"taxonomy":"category","embeddable":true,"href":"https:\/\/www.europesays.com\/fr\/wp-json\/wp\/v2\/categories?post=87106"},{"taxonomy":"post_tag","embeddable":true,"href":"https:\/\/www.europesays.com\/fr\/wp-json\/wp\/v2\/tags?post=87106"}],"curies":[{"name":"wp","href":"https:\/\/api.w.org\/{rel}","templated":true}]}}