{"id":871175,"date":"2026-04-15T17:24:15","date_gmt":"2026-04-15T17:24:15","guid":{"rendered":"https:\/\/www.europesays.com\/fr\/871175\/"},"modified":"2026-04-15T17:24:15","modified_gmt":"2026-04-15T17:24:15","slug":"le-samu-ne-peut-rien-faire-pour-elle-une-femme-enceinte-frole-la-mort-et-perd-son-bebe","status":"publish","type":"post","link":"https:\/\/www.europesays.com\/fr\/871175\/","title":{"rendered":"Le Samu ne peut \u00ab\u00a0rien faire\u00a0\u00bb pour elle, une femme enceinte fr\u00f4le la mort et perd son b\u00e9b\u00e9"},"content":{"rendered":"<p>Une m\u00e8re de famille originaire de Frontignan (<a href=\"https:\/\/www.20minutes.fr\/societe\/herault\/\" class=\"c-link c-link--is-underlined\" rel=\"nofollow noopener\" target=\"_blank\">H\u00e9rault<\/a>) envisage de porter plainte contre le <a href=\"https:\/\/www.20minutes.fr\/dossier\/samu\" class=\"c-link c-link--is-underlined\" rel=\"nofollow noopener\" target=\"_blank\">Samu<\/a> pour \u00ab\u00a0non-assistance \u00e0 personne en danger\u00a0\u00bb apr\u00e8s avoir fr\u00f4l\u00e9 la mort le 29\u00a0mars dernier. Comme le raconte <a href=\"https:\/\/france3-regions.franceinfo.fr\/occitanie\/herault\/sete\/temoignage-j-avais-besoin-d-un-secours-medical-meurtrie-de-douleur-elle-contacte-le-samu-qui-ne-la-prend-pas-en-charge-une-femme-enceinte-frole-la-mort-3335084.html\" target=\"_blank\" class=\"c-link c-link--is-underlined\" rel=\"nofollow noopener\">France 3 Occitanie<\/a>, cette femme de 34 ans \u00e9tait alors <a href=\"https:\/\/www.20minutes.fr\/dossier\/enceinte\" class=\"c-link c-link--is-underlined\" rel=\"nofollow noopener\" target=\"_blank\">enceinte<\/a> et\u00a0suivie \u00e0 l\u2019h\u00f4pital de S\u00e8te pour un risque de grossesse extra-ut\u00e9rine.<\/p>\n<p>Dans la soir\u00e9e du 29\u00a0mars, vers 18 heures, elle explique avoir ressenti de \u00ab\u00a0violentes douleurs insoutenables\u00a0\u00bb au bas-ventre. Puis trois heures plus tard, elle fait un malaise.\u00a0Inquiet, son fils de 16 ans lui dit d\u2019appeler le Samu. Elle est alors mise en relation avec un m\u00e9decin r\u00e9gulateur. \u00ab\u00a0Il m\u2019a dit qu\u2019il ne pouvait rien faire pour moi, qu\u2019il n\u2019avait personne pour aller \u00e0 S\u00e8te \u00e0 cette heure\u00a0\u00bb, assure-t-elle.<\/p>\n<p>\u00ab\u00a0J\u2019ai perdu pr\u00e8s de 2,5 litres de sang\u00a0\u00bb<\/p>\n<p>La trentenaire se retrouve donc livr\u00e9e \u00e0 elle-m\u00eame avec des douleurs toujours plus importantes. Finalement, elle d\u00e9cide de demander \u00e0 ses parents de la conduire aux urgences. \u00ab\u00a0Une fois arriv\u00e9e sur place, les m\u00e9decins ne m\u2019ont pas dit de suite ce qu\u2019il s\u2019\u00e9tait pass\u00e9. J\u2019ai finalement fait un malaise et j\u2019ai convuls\u00e9\u00a0\u00bb, poursuit-elle.<\/p>\n<p>La m\u00e8re de famille a en fait \u00e9t\u00e9 victime d\u2019une grossesse extra-ut\u00e9rine et d\u2019une grave h\u00e9morragie interne. \u00ab\u00a0J\u2019ai perdu pr\u00e8s de 2,5 litres de sang\u00a0\u00bb, explique-t-elle \u00e0 nos confr\u00e8res.\u00a0Elle est\u00a0rest\u00e9e plus d\u2019une semaine \u00e0 l\u2019h\u00f4pital, a perdu son b\u00e9b\u00e9 et subi une ablation de la trompe. Elle confie avoir beaucoup de difficult\u00e9s \u00e0 s&rsquo;en remettre psychologiquement et physiquement.<\/p>\n<p>Elle reste \u00e9galement dans l\u2019incompr\u00e9hension face \u00e0 la r\u00e9action du Samu. \u00ab\u00a0Si je ne m\u2019\u00e9tais pas rendue aux urgences cette nuit-l\u00e0, je n\u2019aurais pas surv\u00e9cu\u00a0\u00bb, lance-t-elle. Contact\u00e9 par France 3, le CHU de Montpellier n\u2019a pas souhait\u00e9 commenter la situation afin de respecter les \u00ab\u00a0obligations strictes de confidentialit\u00e9 et de secret m\u00e9dical\u00a0\u00bb.<\/p>\n","protected":false},"excerpt":{"rendered":"Une m\u00e8re de famille originaire de Frontignan (H\u00e9rault) envisage de porter plainte contre le Samu pour \u00ab\u00a0non-assistance \u00e0&hellip;\n","protected":false},"author":2,"featured_media":871176,"comment_status":"","ping_status":"","sticky":false,"template":"","format":"standard","meta":{"footnotes":"","_share_on_mastodon":"0"},"categories":[4],"tags":[47,11,118,1011,27,196,7089,100,2681,12,2680,25,14322,104],"class_list":["post-871175","post","type-post","status-publish","format-standard","has-post-thumbnail","category-france","tag-actualite","tag-actualites","tag-faits-divers","tag-fr","tag-france","tag-grossesse","tag-herault","tag-hopital","tag-languedoc-roussillon","tag-news","tag-occitanie","tag-republique-francaise","tag-samu","tag-societe"],"share_on_mastodon":{"url":"https:\/\/pubeurope.com\/@fr\/116409890703419682","error":""},"_links":{"self":[{"href":"https:\/\/www.europesays.com\/fr\/wp-json\/wp\/v2\/posts\/871175","targetHints":{"allow":["GET"]}}],"collection":[{"href":"https:\/\/www.europesays.com\/fr\/wp-json\/wp\/v2\/posts"}],"about":[{"href":"https:\/\/www.europesays.com\/fr\/wp-json\/wp\/v2\/types\/post"}],"author":[{"embeddable":true,"href":"https:\/\/www.europesays.com\/fr\/wp-json\/wp\/v2\/users\/2"}],"replies":[{"embeddable":true,"href":"https:\/\/www.europesays.com\/fr\/wp-json\/wp\/v2\/comments?post=871175"}],"version-history":[{"count":0,"href":"https:\/\/www.europesays.com\/fr\/wp-json\/wp\/v2\/posts\/871175\/revisions"}],"wp:featuredmedia":[{"embeddable":true,"href":"https:\/\/www.europesays.com\/fr\/wp-json\/wp\/v2\/media\/871176"}],"wp:attachment":[{"href":"https:\/\/www.europesays.com\/fr\/wp-json\/wp\/v2\/media?parent=871175"}],"wp:term":[{"taxonomy":"category","embeddable":true,"href":"https:\/\/www.europesays.com\/fr\/wp-json\/wp\/v2\/categories?post=871175"},{"taxonomy":"post_tag","embeddable":true,"href":"https:\/\/www.europesays.com\/fr\/wp-json\/wp\/v2\/tags?post=871175"}],"curies":[{"name":"wp","href":"https:\/\/api.w.org\/{rel}","templated":true}]}}