{"id":87120,"date":"2025-05-09T15:38:10","date_gmt":"2025-05-09T15:38:10","guid":{"rendered":"https:\/\/www.europesays.com\/fr\/87120\/"},"modified":"2025-05-09T15:38:10","modified_gmt":"2025-05-09T15:38:10","slug":"percute-sur-sa-trottinette-un-jeune-de-12-ans-entre-la-vie-et-la-mort","status":"publish","type":"post","link":"https:\/\/www.europesays.com\/fr\/87120\/","title":{"rendered":"Percut\u00e9 sur sa trottinette, un jeune de 12 ans entre la vie et la mort"},"content":{"rendered":"<p><strong>Urgence absolue &#8211; Un adolescent de 12 ans a \u00e9t\u00e9 gri\u00e8vement bless\u00e9 apr\u00e8s avoir \u00e9t\u00e9 percut\u00e9 par une voiture alors qu\u2019il circulait en trottinette \u00e9lectrique. Il s\u2019agit du cinqui\u00e8me accident grave impliquant une trottinette \u00e9lectrique en un an \u00e0 Marseille<\/strong><\/p>\n<p>Un adolescent \u00e2g\u00e9 de 12 ans, rapporte <a href=\"https:\/\/www.laprovence.com\/article\/faits-divers-justice\/1583682998649915\/un-enfant-de-12-ans-grievement-blesse-dans-un-accident-de-trottinette-a-marseille?at_medium=RSS+feed&amp;at_campaign=ynews&amp;utm_source=yahoo&amp;utm_medium=rss&amp;utm_campaign=news_feed&amp;utm_content=in_article_link\" rel=\"nofollow noopener\" target=\"_blank\" data-ylk=\"slk:La Provence;elm:context_link;itc:0;sec:content-canvas\" class=\"link \">La Provence<\/a>, a \u00e9t\u00e9 transport\u00e9 en urgence absolue \u00e0 l\u2019h\u00f4pital de la Timone, \u00e0 Marseille, jeudi en fin d\u2019apr\u00e8s-midi. Il a \u00e9t\u00e9 percut\u00e9 par une voiture alors qu\u2019il circulait \u00e0 <a href=\"https:\/\/www.20minutes.fr\/societe\/trottinette\/?at_medium=RSS+feed&amp;at_campaign=ynews&amp;utm_source=yahoo&amp;utm_medium=rss&amp;utm_campaign=news_feed&amp;utm_content=in_article_link\" rel=\"nofollow noopener\" target=\"_blank\" data-ylk=\"slk:trottinette \u00e9lectrique;elm:context_link;itc:0;sec:content-canvas\" class=\"link \">trottinette \u00e9lectrique<\/a> dans la pr\u00e9fecture des <a href=\"https:\/\/www.20minutes.fr\/dossier\/bouches-rhone?at_medium=RSS+feed&amp;at_campaign=ynews&amp;utm_source=yahoo&amp;utm_medium=rss&amp;utm_campaign=news_feed&amp;utm_content=in_article_link\" rel=\"nofollow noopener\" target=\"_blank\" data-ylk=\"slk:Bouches-du-Rh\u00f4ne;elm:context_link;itc:0;sec:content-canvas\" class=\"link \">Bouches-du-Rh\u00f4ne<\/a>.<\/p>\n<p>Gri\u00e8vement touch\u00e9 aux jambes, il souffre \u00e9galement d\u2019un traumatisme cr\u00e2nien. Il a \u00e9t\u00e9 admis en service de r\u00e9animation et son pronostic vital \u00e9tait engag\u00e9. Le septuag\u00e9naire qui conduisait le v\u00e9hicule est pour sa part indemne mais choqu\u00e9. Il a \u00e9t\u00e9 entendu par la police.<\/p>\n<p>Cinqui\u00e8me accident grave en un an \u00e0 Marseille<\/p>\n<p>En l\u2019espace d\u2019un an, c\u2019est le cinqui\u00e8me accident grave qui met en cause des trottinettes \u00e9lectriques, relate le quotidien r\u00e9gional. La plupart des bless\u00e9s, lors des accidents recens\u00e9s avec ce nouveau mode de transport, sont touch\u00e9s \u00e0 la t\u00eate, souvent gravement. D\u2019autant qu\u2019une petite minorit\u00e9 de pilotes portent un casque. Un dispositif de protection recommand\u00e9, mais pas obligatoire.<\/p>\n<p>La conduite d\u2019une trottinette \u00e9lectrique est <a href=\"https:\/\/www.service-public.fr\/particuliers\/vosdroits\/F308?at_medium=RSS+feed&amp;at_campaign=ynews&amp;utm_source=yahoo&amp;utm_medium=rss&amp;utm_campaign=news_feed&amp;utm_content=in_article_link\" rel=\"nofollow noopener\" target=\"_blank\" data-ylk=\"slk:interdite;elm:context_link;itc:0;sec:content-canvas\" class=\"link \">interdite<\/a> aux enfants \u00e2g\u00e9s de moins de 14 ans.<\/p>\n<p><a href=\"https:\/\/www.20minutes.fr\/faits_divers\/4152627-20250509-marseille-percute-trottinette-jeune-12-ans-entre-vie-mort?at_medium=RSS+feed&amp;at_campaign=ynews&amp;utm_source=yahoo&amp;utm_medium=rss&amp;utm_campaign=news_feed&amp;utm_content=read_more_link\" rel=\"nofollow noopener\" target=\"_blank\" data-ylk=\"slk:Lire la suite sur 20minutes;elm:context_link;itc:0;sec:content-canvas\" class=\"link \">Lire la suite sur 20minutes<\/a><\/p>\n<p>\u00c0 lire aussi :<br \/><a href=\"https:\/\/www.20minutes.fr\/faits_divers\/4147558-20250408-montpellier-veut-recuperer-trottinette-volee-fait-sectionner-doigt?at_medium=RSS+feed&amp;at_campaign=ynews&amp;utm_source=yahoo&amp;utm_medium=rss&amp;utm_campaign=news_feed&amp;utm_content=related_content_link\" rel=\"nofollow noopener\" target=\"_blank\" data-ylk=\"slk:Montpellier : Il veut r\u00e9cup\u00e9rer sa trottinette vol\u00e9e et se fait sectionner un doigt;elm:context_link;itc:0;sec:content-canvas\" class=\"link \">Montpellier : Il veut r\u00e9cup\u00e9rer sa trottinette vol\u00e9e et se fait sectionner un doigt<\/a><br \/><a href=\"https:\/\/www.20minutes.fr\/societe\/4139309-20250218-securite-routiere-baisse-17-nombre-morts-routes-janvier-metropole-hausse-outre-mer?at_medium=RSS+feed&amp;at_campaign=ynews&amp;utm_source=yahoo&amp;utm_medium=rss&amp;utm_campaign=news_feed&amp;utm_content=related_content_link\" rel=\"nofollow noopener\" target=\"_blank\" data-ylk=\"slk:S\u00e9curit\u00e9 routi\u00e8re : Baisse de 17 % du nombre de morts sur les routes en janvier en m\u00e9tropole, hausse dans les Outre-Mer;elm:context_link;itc:0;sec:content-canvas\" class=\"link \">S\u00e9curit\u00e9 routi\u00e8re : Baisse de 17 % du nombre de morts sur les routes en janvier en m\u00e9tropole, hausse dans les Outre-Mer<\/a><\/p>\n","protected":false},"excerpt":{"rendered":"Urgence absolue &#8211; Un adolescent de 12 ans a \u00e9t\u00e9 gri\u00e8vement bless\u00e9 apr\u00e8s avoir \u00e9t\u00e9 percut\u00e9 par une&hellip;\n","protected":false},"author":2,"featured_media":87121,"comment_status":"","ping_status":"","sticky":false,"template":"","format":"standard","meta":{"footnotes":""},"categories":[2814],"tags":[1111,11,1764,19700,1777,674,1011,27,884,12,19701,882,25,19699],"class_list":{"0":"post-87120","1":"post","2":"type-post","3":"status-publish","4":"format-standard","5":"has-post-thumbnail","7":"category-marseille","8":"tag-actu","9":"tag-actualites","10":"tag-ans","11":"tag-cinquieme","12":"tag-eu","13":"tag-europe","14":"tag-fr","15":"tag-france","16":"tag-marseille","17":"tag-news","18":"tag-nombre-de-morts","19":"tag-provence-alpes-cote-dazur","20":"tag-republique-francaise","21":"tag-service-de-reanimation"},"share_on_mastodon":{"url":"https:\/\/pubeurope.com\/@fr\/114478625807883169","error":""},"_links":{"self":[{"href":"https:\/\/www.europesays.com\/fr\/wp-json\/wp\/v2\/posts\/87120","targetHints":{"allow":["GET"]}}],"collection":[{"href":"https:\/\/www.europesays.com\/fr\/wp-json\/wp\/v2\/posts"}],"about":[{"href":"https:\/\/www.europesays.com\/fr\/wp-json\/wp\/v2\/types\/post"}],"author":[{"embeddable":true,"href":"https:\/\/www.europesays.com\/fr\/wp-json\/wp\/v2\/users\/2"}],"replies":[{"embeddable":true,"href":"https:\/\/www.europesays.com\/fr\/wp-json\/wp\/v2\/comments?post=87120"}],"version-history":[{"count":0,"href":"https:\/\/www.europesays.com\/fr\/wp-json\/wp\/v2\/posts\/87120\/revisions"}],"wp:featuredmedia":[{"embeddable":true,"href":"https:\/\/www.europesays.com\/fr\/wp-json\/wp\/v2\/media\/87121"}],"wp:attachment":[{"href":"https:\/\/www.europesays.com\/fr\/wp-json\/wp\/v2\/media?parent=87120"}],"wp:term":[{"taxonomy":"category","embeddable":true,"href":"https:\/\/www.europesays.com\/fr\/wp-json\/wp\/v2\/categories?post=87120"},{"taxonomy":"post_tag","embeddable":true,"href":"https:\/\/www.europesays.com\/fr\/wp-json\/wp\/v2\/tags?post=87120"}],"curies":[{"name":"wp","href":"https:\/\/api.w.org\/{rel}","templated":true}]}}