{"id":87132,"date":"2025-05-09T15:45:25","date_gmt":"2025-05-09T15:45:25","guid":{"rendered":"https:\/\/www.europesays.com\/fr\/87132\/"},"modified":"2025-05-09T15:45:25","modified_gmt":"2025-05-09T15:45:25","slug":"on-marche-depuis-plus-dune-heure-eva-longoria-bloquee-dans-les-rues-de-paris-lactrice-pousse-un-violent-coup-de-gueule-sur-instagram","status":"publish","type":"post","link":"https:\/\/www.europesays.com\/fr\/87132\/","title":{"rendered":"\u00ab\u00a0On marche depuis plus d&rsquo;une heure\u2026\u00a0\u00bb : Eva Longoria bloqu\u00e9e dans les rues de Paris, l&rsquo;actrice pousse un violent coup de gueule sur Instagram"},"content":{"rendered":"<p>Paris, capitale de l&rsquo;amour, mais aussi des rues ferm\u00e9es\u2026 Ce jeudi 8 mai, Eva Longoria a pris la parole dans sa Story Instagram pour pousser un violent coup de gueule. Face cam\u00e9ra, l&rsquo;\u00e9ternelle Desperate Housewives a racont\u00e9 son p\u00e9riple avec son fils Santiago, pour rejoindre leur h\u00f4tel.<\/p>\n<p><strong>Eva Longoria adore la France<\/strong>. Le 10 octobre dernier, la com\u00e9dienne avait accord\u00e9 une interview \u00e0 Thomas Isle sur <a href=\"https:\/\/www.europe1.fr\/people\/eva-longoria-parle-de-son-amour-pour-la-france-dans-culture-medias-je-me-sens-chez-moi-des-que-jatterris-a-paris-4272158\" rel=\"nofollow noopener\" target=\"_blank\">Europe 1 <\/a>pour parler de son attachement \u00e0 Paris.<strong> \u00ab\u00a0J&rsquo;ai \u00e9t\u00e9 fran\u00e7aise dans une autre vie !\u00a0\u00bb<\/strong>, avait-elle expliqu\u00e9, avant d&rsquo;\u00e9num\u00e9rer les nombreuses choses qu&rsquo;elle aime. \u00ab\u00a0J&rsquo;aime tout en France : <strong>la nourriture, la culture, les gens et aussi cette incarnation de l&rsquo;\u00e9l\u00e9gance<\/strong> qui est propre \u00e0 votre pays. Vous savez, j&rsquo;ai eu de la chance, car j&rsquo;ai pu d\u00e9couvrir la France \u00e0 travers les yeux d&rsquo;un Fran\u00e7ais, mon ex-mari. Il aime tellement ce pays qu&rsquo;il me l&rsquo;a fait aimer autant que lui. M\u00eame si nous avons divorc\u00e9, \u00e7a a \u00e9t\u00e9 le plus beau des cadeaux, car j&rsquo;ai pu vraiment comprendre ce pays et ses habitants d&rsquo;un point de vue tr\u00e8s intime\u00a0\u00bb, avait confi\u00e9 celle qui a \u00e9t\u00e9 <a href=\"https:\/\/www.voici.fr\/news-people\/eva-longoria-aurait-renoue-avec-son-ex-tony-parker-cette-celebre-chanteuse-les-aurait-de-nouveau-rapproches-785313\" rel=\"nofollow noopener\" target=\"_blank\">mari\u00e9e \u00e0 Tony Parker. <\/a><\/p>\n<p>Loin de jouer les snobs, celle qui campait le r\u00f4le de <a href=\"https:\/\/www.voici.fr\/tele\/j-ai-deja-couche-avec-tout-le-monde-eva-longoria-prete-a-reprendre-du-service-dans-desperate-housewives-elle-repond-803631\" rel=\"nofollow noopener\" target=\"_blank\">Gabrielle Solis dans Desperate Housewives<\/a>, a ajout\u00e9 qu&rsquo;elle adorait <strong>d&rsquo;autres grandes villes fran\u00e7aises<\/strong>. \u00ab\u00a0J&rsquo;adore Limoges ! Je ne sais pas pourquoi tout le monde se moque de moi quand je le dis (&#8230;) <strong>C&rsquo;est le meilleur endroit pour acheter de la porcelaine<\/strong>. J&rsquo;aime aussi Lyon, le sud et tous les petits villages\u00a0\u00bb, avait \u00e9num\u00e9r\u00e9 celle qui se rend r\u00e9guli\u00e8rement \u00e0 Paris pour <strong>tourner des spots publicitaires avec <\/strong><a href=\"https:\/\/www.voici.fr\/news-people\/photos-defile-loreal-eva-longoria-au-top-apres-son-accouchement-thylane-blondeau-et-louise-bourgoin-sublimes-651120\" rel=\"nofollow noopener\" target=\"_blank\"><strong>la marque L&rsquo;Or\u00e9al Paris<\/strong>.<\/a><\/p>\n<p>                                                                        Eva Longoria toujours aussi fan de Paris ? Elle raconte sa m\u00e9saventure avec son fils<\/p>\n<p>Si <a href=\"https:\/\/www.voici.fr\/mode\/eva-longoria-trouve-la-robe-longue-parfaite-quand-on-mesure-moins-d-1m60-792946\" rel=\"nofollow noopener\" target=\"_blank\">Eva Longoria voue un culte \u00e0 Paris<\/a>, la com\u00e9dienne a v\u00e9cu<strong> une mauvaise exp\u00e9rience qui l&rsquo;a rebut\u00e9. <\/strong>Ce jeudi 8 mai, l&rsquo;actrice de 50 ans a profit\u00e9 du jour f\u00e9ri\u00e9 pour retrouver <a href=\"https:\/\/www.voici.fr\/news-people\/une-perte-denergie-m-pokora-revele-pourquoi-il-ne-vit-plus-a-los-angeles-avec-sa-femme-christina-milian-801064\" rel=\"nofollow noopener\" target=\"_blank\">Christina Milian, la femme de M Pokora<\/a>. Quelques heures plus tard, <a href=\"https:\/\/www.voici.fr\/news-people\/photos-eva-longoria-celebre-lanniversaire-de-son-mari-jose-antonio-baston-avec-dadorables-cliches-727209\" rel=\"nofollow noopener\" target=\"_blank\">la femme de Jos\u00e9 Antonio Bast\u00f3n<\/a> a pris la parole pour raconter sa fin de journ\u00e9e chaotique. \u00ab\u00a0Les amis, on a pass\u00e9 une folle journ\u00e9e \u00e0 Paris. <strong>Ici toutes les rues sont bloqu\u00e9es, car c&rsquo;est un jour f\u00e9ri\u00e9, mais je ne sais pas\u2026 J&rsquo;ai l&rsquo;impression qu&rsquo;on ne nous dits pas tout<\/strong>. On marche depuis une heure pour parvenir \u00e0 regagner notre h\u00f4tel, on ne peut m\u00eame pas y acc\u00e9der, car tout est ferm\u00e9\u00a0\u00bb, a-t-elle martel\u00e9, alors qu&rsquo;elle poussait <strong>le v\u00e9lo achet\u00e9 pour <\/strong><a href=\"https:\/\/www.voici.fr\/news-people\/cest-vraiment-un-reve-eva-longoria-fait-de-rares-confidences-sur-son-fils-santiago-768038\" rel=\"nofollow noopener\" target=\"_blank\"><strong>son fils, Santiago Enrique Baston. <\/strong><\/a><\/p>\n<p>\u00ab\u00a0J&rsquo;ai d\u00fb lui acheter cette chose, c&rsquo;est bien trop petit pour lui, mais je dois le pousser, <strong>je ne peux plus le porter et il ne veut plus marcher<\/strong>\u00ab\u00a0, a-t-elle ajout\u00e9, esseul\u00e9e, avec ses \u00ab\u00a085 sacs\u00a0\u00bb sur ses \u00e9paules. Loin de se laisser abattre, l&rsquo;actrice latina a relativis\u00e9 en poussant un \u00ab\u00a0C&rsquo;est la vie\u00a0\u00bb dans un fran\u00e7ais parfait. Quelques heures apr\u00e8s ce p\u00e9riple pour rejoindre son h\u00f4tel, <a href=\"https:\/\/www.voici.fr\/mode\/eva-longoria-trouve-la-robe-longue-parfaite-quand-on-mesure-moins-d-1m60-792946\" rel=\"nofollow noopener\" target=\"_blank\">Eva Longoria s&rsquo;est rendue<\/a> \u2013 en taxi, esp\u00e9rons-le \u2013, au restaurant tr\u00e8s pris\u00e9 Loulou, pour un d\u00eener entre amis. <strong>Une jolie r\u00e9compense apr\u00e8s avoir connu l&rsquo;enfer.<\/strong><\/p>\n<p><img decoding=\"async\" src=\"https:\/\/www.europesays.com\/fr\/wp-content\/uploads\/2025\/05\/1746805525_760_picture.jpg\" alt=\"\" class=\"allowseedtag apply-ratio lazyload\"\/>\u00a9 Instagram<\/p>\n","protected":false},"excerpt":{"rendered":"Paris, capitale de l&rsquo;amour, mais aussi des rues ferm\u00e9es\u2026 Ce jeudi 8 mai, Eva Longoria a pris la&hellip;\n","protected":false},"author":2,"featured_media":87133,"comment_status":"","ping_status":"","sticky":false,"template":"","format":"standard","meta":{"footnotes":""},"categories":[1888],"tags":[2594,1111,1928,11,1927,12318,1777,674,6724,1742,1011,27,2440,12,1926,626,1925,25,14372],"class_list":{"0":"post-87132","1":"post","2":"type-post","3":"status-publish","4":"format-standard","5":"has-post-thumbnail","7":"category-paris","8":"tag-actrice","9":"tag-actu","10":"tag-actu-paris","11":"tag-actualites","12":"tag-actualites-paris","13":"tag-coup-de-gueule","14":"tag-eu","15":"tag-europe","16":"tag-eva-longoria","17":"tag-fils","18":"tag-fr","19":"tag-france","20":"tag-instagram","21":"tag-news","22":"tag-news-paris","23":"tag-paris","24":"tag-paris-news","25":"tag-republique-francaise","26":"tag-ru00e9seaux-sociaux"},"share_on_mastodon":{"url":"https:\/\/pubeurope.com\/@fr\/114478653458432250","error":""},"_links":{"self":[{"href":"https:\/\/www.europesays.com\/fr\/wp-json\/wp\/v2\/posts\/87132","targetHints":{"allow":["GET"]}}],"collection":[{"href":"https:\/\/www.europesays.com\/fr\/wp-json\/wp\/v2\/posts"}],"about":[{"href":"https:\/\/www.europesays.com\/fr\/wp-json\/wp\/v2\/types\/post"}],"author":[{"embeddable":true,"href":"https:\/\/www.europesays.com\/fr\/wp-json\/wp\/v2\/users\/2"}],"replies":[{"embeddable":true,"href":"https:\/\/www.europesays.com\/fr\/wp-json\/wp\/v2\/comments?post=87132"}],"version-history":[{"count":0,"href":"https:\/\/www.europesays.com\/fr\/wp-json\/wp\/v2\/posts\/87132\/revisions"}],"wp:featuredmedia":[{"embeddable":true,"href":"https:\/\/www.europesays.com\/fr\/wp-json\/wp\/v2\/media\/87133"}],"wp:attachment":[{"href":"https:\/\/www.europesays.com\/fr\/wp-json\/wp\/v2\/media?parent=87132"}],"wp:term":[{"taxonomy":"category","embeddable":true,"href":"https:\/\/www.europesays.com\/fr\/wp-json\/wp\/v2\/categories?post=87132"},{"taxonomy":"post_tag","embeddable":true,"href":"https:\/\/www.europesays.com\/fr\/wp-json\/wp\/v2\/tags?post=87132"}],"curies":[{"name":"wp","href":"https:\/\/api.w.org\/{rel}","templated":true}]}}