{"id":87150,"date":"2025-05-09T15:54:10","date_gmt":"2025-05-09T15:54:10","guid":{"rendered":"https:\/\/www.europesays.com\/fr\/87150\/"},"modified":"2025-05-09T15:54:10","modified_gmt":"2025-05-09T15:54:10","slug":"lue-veut-durcir-les-controles-des-investissements-etrangers","status":"publish","type":"post","link":"https:\/\/www.europesays.com\/fr\/87150\/","title":{"rendered":"L\u2019UE veut durcir les contr\u00f4les des investissements \u00e9trangers"},"content":{"rendered":"<p>L&rsquo;Europe veut renforcer ses protections et celles de ses entreprises. C&rsquo;est dans cette optique que les eurod\u00e9put\u00e9s ont adopt\u00e9, jeudi, un projet de r\u00e8glement visant \u00e0 mieux contr\u00f4ler les investissements directs \u00e9trangers (IDE).<\/p>\n<p>Ce texte approfondit le r\u00e8glement de 2020 qui pr\u00e9voit que les investissements de pays non-europ\u00e9ens dans des infrastructures ou des technologies critiques soient surveill\u00e9s. L&rsquo;\u00e9crit original veille aussi \u00e0 ce que la prise de contr\u00f4le d&rsquo;une entreprise par un acteur \u00e9tranger n&rsquo;impacte pas la continuit\u00e9 de l&rsquo;approvisionnement en intrants essentiels dans l&rsquo;union, ni l&rsquo;acc\u00e8s aux informations sensibles ou encore la libert\u00e9 des m\u00e9dias. Un r\u00e8glement qui comporte cependant de nombreux angles morts que cherchent \u00e0 combler les d\u00e9put\u00e9s.<\/p>\n","protected":false},"excerpt":{"rendered":"L&rsquo;Europe veut renforcer ses protections et celles de ses entreprises. C&rsquo;est dans cette optique que les eurod\u00e9put\u00e9s ont&hellip;\n","protected":false},"author":2,"featured_media":87151,"comment_status":"","ping_status":"","sticky":false,"template":"","format":"standard","meta":{"footnotes":""},"categories":[1586],"tags":[17,11,10787,154,19702,33,1777,674,1779,1011,27,2554,1861,151,12,25,1778,364,9870],"class_list":{"0":"post-87150","1":"post","2":"type-post","3":"status-publish","4":"format-standard","5":"has-post-thumbnail","7":"category-europe","8":"tag-17","9":"tag-actualites","10":"tag-controles","11":"tag-des","12":"tag-durcir","13":"tag-economie","14":"tag-eu","15":"tag-europe","16":"tag-european-union","17":"tag-fr","18":"tag-france","19":"tag-investissements","20":"tag-lue","21":"tag-les","22":"tag-news","23":"tag-republique-francaise","24":"tag-ue","25":"tag-union-europeenne","26":"tag-veut"},"share_on_mastodon":{"url":"https:\/\/pubeurope.com\/@fr\/114478688892094059","error":""},"_links":{"self":[{"href":"https:\/\/www.europesays.com\/fr\/wp-json\/wp\/v2\/posts\/87150","targetHints":{"allow":["GET"]}}],"collection":[{"href":"https:\/\/www.europesays.com\/fr\/wp-json\/wp\/v2\/posts"}],"about":[{"href":"https:\/\/www.europesays.com\/fr\/wp-json\/wp\/v2\/types\/post"}],"author":[{"embeddable":true,"href":"https:\/\/www.europesays.com\/fr\/wp-json\/wp\/v2\/users\/2"}],"replies":[{"embeddable":true,"href":"https:\/\/www.europesays.com\/fr\/wp-json\/wp\/v2\/comments?post=87150"}],"version-history":[{"count":0,"href":"https:\/\/www.europesays.com\/fr\/wp-json\/wp\/v2\/posts\/87150\/revisions"}],"wp:featuredmedia":[{"embeddable":true,"href":"https:\/\/www.europesays.com\/fr\/wp-json\/wp\/v2\/media\/87151"}],"wp:attachment":[{"href":"https:\/\/www.europesays.com\/fr\/wp-json\/wp\/v2\/media?parent=87150"}],"wp:term":[{"taxonomy":"category","embeddable":true,"href":"https:\/\/www.europesays.com\/fr\/wp-json\/wp\/v2\/categories?post=87150"},{"taxonomy":"post_tag","embeddable":true,"href":"https:\/\/www.europesays.com\/fr\/wp-json\/wp\/v2\/tags?post=87150"}],"curies":[{"name":"wp","href":"https:\/\/api.w.org\/{rel}","templated":true}]}}