{"id":871807,"date":"2026-04-16T00:10:13","date_gmt":"2026-04-16T00:10:13","guid":{"rendered":"https:\/\/www.europesays.com\/fr\/871807\/"},"modified":"2026-04-16T00:10:13","modified_gmt":"2026-04-16T00:10:13","slug":"royaume-uni-2-000-postes-vont-etre-supprimes-au-sein-de-la-bbc-2","status":"publish","type":"post","link":"https:\/\/www.europesays.com\/fr\/871807\/","title":{"rendered":"Royaume-Uni: 2 000 postes vont \u00eatre supprim\u00e9s au sein de la BBC"},"content":{"rendered":"<p>\n                        La BBC est somm\u00e9e de faire des \u00e9conomies. Le diffuseur public britannique, qui regroupe cha\u00eenes de t\u00e9l\u00e9vision et stations radio, indique depuis plusieurs mois avoir des difficult\u00e9s financi\u00e8res. Et mercredi 15 avril, le dirigeant par int\u00e9rim de la British Broadcasting Corporation a annonc\u00e9 la suppression de quelque 2 000 emplois sur les deux prochaines ann\u00e9es.        <\/p>\n<p class=\"m-pub-dates\">Publi\u00e9 le : 15\/04\/2026 &#8211; 22:23<\/p>\n<p>    1 min    Temps de lecture\n<\/p>\n<p>Avec notre correspondante \u00e0 Londres, <strong>Emeline Vin<\/strong><\/p>\n<p>L&rsquo;annonce a \u00e9t\u00e9 faite par e-mail aux 21 500 employ\u00e9s : un poste sur dix va \u00eatre supprim\u00e9 \u00e0 la BBC d&rsquo;ici deux ans. Le directeur par int\u00e9rim, Rhodri Talfan Davies, \u00e9tait l&rsquo;invit\u00e9 de l&rsquo;\u00e9mission m\u00e9dia de la BBC. Il a d\u00e9clar\u00e9\u00a0: \u00ab\u00a0Nous avons partag\u00e9 avec le personnel la situation financi\u00e8re de la BBC, que nous pouvons r\u00e9sumer ainsi : il faut \u00e9conomiser 500 millions de livres sterling sur deux ans. Malheureusement, cela aura un impact sur la masse salariale, entre 1\u00a0800 et 2\u00a0000 postes.\u00a0\u00bb<\/p>\n<p>Les syndicats de l&rsquo;audiovisuel et du journalisme d\u00e9noncent des coupes \u00ab\u00a0d\u00e9vastatrices\u00a0\u00bb pour la mission d&rsquo;information de service public, et appellent le gouvernement \u00e0 intervenir, pour la stabilit\u00e9 de l&rsquo;institution et la qualit\u00e9 de son journalisme. Le PDG esp\u00e8re lui une refonte de la redevance\u00a0: \u00ab\u00a095% des adultes consomment la BBC tous les mois, mais seulement 80% des foyers paient\u00a0: ce n&rsquo;est pas une base viable pour la BBC. Sans r\u00e9forme du financement, la BBC ne peut pas continuer \u00e0 fonctionner en l&rsquo;\u00e9tat.\u00a0\u00bb<\/p>\n<p>La Corporation n&rsquo;a pas indiqu\u00e9 si ces nouvelles \u00e9conomies doivent s&rsquo;ajouter aux 600 millions de livres sterling de coupes sur les trois prochaines ann\u00e9es annonc\u00e9es en f\u00e9vrier.<\/p>\n<p class=\"a-read-more\">\u00c0 lire aussi<a target=\"_self\" href=\"https:\/\/www.rfi.fr\/fr\/am\u00e9riques\/20251216-donald-trump-r\u00e9clame-10-milliards-de-dollars-\u00e0-la-bbc-pour-un-montage-jug\u00e9-trompeur\" class=\"a-read-more__link\" rel=\"nofollow noopener\">Donald Trump r\u00e9clame 10 milliards de dollars \u00e0 la BBC pour un montage jug\u00e9 trompeur<\/a><\/p>\n","protected":false},"excerpt":{"rendered":"La BBC est somm\u00e9e de faire des \u00e9conomies. Le diffuseur public britannique, qui regroupe cha\u00eenes de t\u00e9l\u00e9vision et&hellip;\n","protected":false},"author":2,"featured_media":871808,"comment_status":"","ping_status":"","sticky":false,"template":"","format":"standard","meta":{"footnotes":"","_share_on_mastodon":"0"},"categories":[1588],"tags":[11,1777,674,9877,500,12,473,1853,1851,1850,1852],"class_list":["post-871807","post","type-post","status-publish","format-standard","has-post-thumbnail","category-royaume-uni","tag-actualites","tag-eu","tag-europe","tag-journalisme","tag-medias","tag-news","tag-royaume-uni","tag-royaume-uni-de-grande-bretagne-et-dirlande-du-nord","tag-uk","tag-united-kingdom","tag-united-kingdom-of-great-britain-and-northern-ireland"],"share_on_mastodon":{"url":"https:\/\/pubeurope.com\/@fr\/116411487218699618","error":""},"_links":{"self":[{"href":"https:\/\/www.europesays.com\/fr\/wp-json\/wp\/v2\/posts\/871807","targetHints":{"allow":["GET"]}}],"collection":[{"href":"https:\/\/www.europesays.com\/fr\/wp-json\/wp\/v2\/posts"}],"about":[{"href":"https:\/\/www.europesays.com\/fr\/wp-json\/wp\/v2\/types\/post"}],"author":[{"embeddable":true,"href":"https:\/\/www.europesays.com\/fr\/wp-json\/wp\/v2\/users\/2"}],"replies":[{"embeddable":true,"href":"https:\/\/www.europesays.com\/fr\/wp-json\/wp\/v2\/comments?post=871807"}],"version-history":[{"count":0,"href":"https:\/\/www.europesays.com\/fr\/wp-json\/wp\/v2\/posts\/871807\/revisions"}],"wp:featuredmedia":[{"embeddable":true,"href":"https:\/\/www.europesays.com\/fr\/wp-json\/wp\/v2\/media\/871808"}],"wp:attachment":[{"href":"https:\/\/www.europesays.com\/fr\/wp-json\/wp\/v2\/media?parent=871807"}],"wp:term":[{"taxonomy":"category","embeddable":true,"href":"https:\/\/www.europesays.com\/fr\/wp-json\/wp\/v2\/categories?post=871807"},{"taxonomy":"post_tag","embeddable":true,"href":"https:\/\/www.europesays.com\/fr\/wp-json\/wp\/v2\/tags?post=871807"}],"curies":[{"name":"wp","href":"https:\/\/api.w.org\/{rel}","templated":true}]}}