{"id":87195,"date":"2025-05-09T16:18:09","date_gmt":"2025-05-09T16:18:09","guid":{"rendered":"https:\/\/www.europesays.com\/fr\/87195\/"},"modified":"2025-05-09T16:18:09","modified_gmt":"2025-05-09T16:18:09","slug":"poutine-est-du-cote-de-la-guerre-ceux-qui-ont-cru-le-contraire-en-sont-pour-leur-compte-dit-macron","status":"publish","type":"post","link":"https:\/\/www.europesays.com\/fr\/87195\/","title":{"rendered":"Poutine est du \u00ab\u00a0c\u00f4t\u00e9 de la guerre\u00a0\u00bb, ceux qui ont cru le contraire \u00ab\u00a0en sont pour leur compte\u00a0\u00bb, dit Macron"},"content":{"rendered":"<p>Le pr\u00e9sident fran\u00e7ais <a href=\"https:\/\/www.laprovence.com\/article\/france-monde\/1938836910462214\/leon-xiv-pontificat-porteur-de-paix-grand-honneur-de-macron-a-trump-en-passant-par-poutine-les-reactions\" target=\"_blank\" rel=\"noopener\">Emmanuel Macron<\/a> a accus\u00e9 ce vendredi 9 mai Vladimir Poutine d&rsquo;\u00eatre \u00ab\u00a0du c\u00f4t\u00e9 de la guerre\u00a0\u00bb, ajoutant que ceux qui ont cru le contraire \u00ab\u00a0en sont pour leur compte\u00a0\u00bb.<\/p>\n<p>\u00ab\u00a0Le pr\u00e9sident Poutine est du c\u00f4t\u00e9 de la guerre, pas du c\u00f4t\u00e9 de la paix (&#8230;) et ceux qui ont pu croire qu&rsquo;il avait une vell\u00e9it\u00e9 de paix en sont pour leur compte\u00a0\u00bb, a-t-il d\u00e9clar\u00e9 aux c\u00f4t\u00e9s du Premier ministre polonais Donald Tusk \u00e0 Nancy en marge de <a href=\"https:\/\/www.laprovence.com\/article\/france-monde\/1597045702422415\/macron-et-tusk-signent-un-traite-renforcant-les-liens-franco-polonais-face-a-la-russie\" target=\"_blank\" rel=\"noopener\">la signature d&rsquo;un trait\u00e9 d&rsquo;amiti\u00e9<\/a> entre la France et la Pologne.<\/p>\n","protected":false},"excerpt":{"rendered":"Le pr\u00e9sident fran\u00e7ais Emmanuel Macron a accus\u00e9 ce vendredi 9 mai Vladimir Poutine d&rsquo;\u00eatre \u00ab\u00a0du c\u00f4t\u00e9 de la&hellip;\n","protected":false},"author":2,"featured_media":87196,"comment_status":"","ping_status":"","sticky":false,"template":"","format":"standard","meta":{"footnotes":""},"categories":[5],"tags":[17,11,9069,3136,932,1011,27,329,1146,14,12,2405,3583,220,28],"class_list":{"0":"post-87195","1":"post","2":"type-post","3":"status-publish","4":"format-standard","5":"has-post-thumbnail","7":"category-international","8":"tag-17","9":"tag-actualites","10":"tag-ceux","11":"tag-cote","12":"tag-est","13":"tag-fr","14":"tag-france","15":"tag-france-monde","16":"tag-guerre","17":"tag-international","18":"tag-news","19":"tag-poutine","20":"tag-qui","21":"tag-ukraine","22":"tag-world"},"share_on_mastodon":{"url":"https:\/\/pubeurope.com\/@fr\/114478783271593889","error":""},"_links":{"self":[{"href":"https:\/\/www.europesays.com\/fr\/wp-json\/wp\/v2\/posts\/87195","targetHints":{"allow":["GET"]}}],"collection":[{"href":"https:\/\/www.europesays.com\/fr\/wp-json\/wp\/v2\/posts"}],"about":[{"href":"https:\/\/www.europesays.com\/fr\/wp-json\/wp\/v2\/types\/post"}],"author":[{"embeddable":true,"href":"https:\/\/www.europesays.com\/fr\/wp-json\/wp\/v2\/users\/2"}],"replies":[{"embeddable":true,"href":"https:\/\/www.europesays.com\/fr\/wp-json\/wp\/v2\/comments?post=87195"}],"version-history":[{"count":0,"href":"https:\/\/www.europesays.com\/fr\/wp-json\/wp\/v2\/posts\/87195\/revisions"}],"wp:featuredmedia":[{"embeddable":true,"href":"https:\/\/www.europesays.com\/fr\/wp-json\/wp\/v2\/media\/87196"}],"wp:attachment":[{"href":"https:\/\/www.europesays.com\/fr\/wp-json\/wp\/v2\/media?parent=87195"}],"wp:term":[{"taxonomy":"category","embeddable":true,"href":"https:\/\/www.europesays.com\/fr\/wp-json\/wp\/v2\/categories?post=87195"},{"taxonomy":"post_tag","embeddable":true,"href":"https:\/\/www.europesays.com\/fr\/wp-json\/wp\/v2\/tags?post=87195"}],"curies":[{"name":"wp","href":"https:\/\/api.w.org\/{rel}","templated":true}]}}