{"id":87211,"date":"2025-05-09T16:26:11","date_gmt":"2025-05-09T16:26:11","guid":{"rendered":"https:\/\/www.europesays.com\/fr\/87211\/"},"modified":"2025-05-09T16:26:11","modified_gmt":"2025-05-09T16:26:11","slug":"toulouse-avec-ntamack-capuozzo-flament-et-cros-titulaires-contre-toulon-la-compo-du-stade","status":"publish","type":"post","link":"https:\/\/www.europesays.com\/fr\/87211\/","title":{"rendered":"Toulouse avec Ntamack, Capuozzo, Flament et Cros titulaires contre Toulon&#8230; La compo du Stade"},"content":{"rendered":"<p>Les Toulousains affrontent ce samedi (21h05) les Toulonnais au Stade V\u00e9lodrome de Marseille, \u00e0 l\u2019occasion de la 23e journ\u00e9e du Top 14.<\/p>\n<p class=\"fig-paragraph\">Apr\u00e8s\u00a0<a href=\"http:\/\/www.lefigaro.fr\/sports\/rugby\/coupe-d-europe\/ubb-toulouse-lucu-et-jalibert-en-feu-des-gros-revanchards-ntamack-pas-classe-coups-de-coeur-et-coups-de-griffe-de-notre-envoye-special-20250505\" data-fig-type=\"NewsFlash\" data-gtm-custom-categorie=\"navigation\" data-gtm-custom-action=\"crossclick\" data-gtm-custom-label=\"Contextuel\" data-gtm-event=\"customEventSPE\" data-fig-domain=\"LEFIGARO\" target=\"_blank\" rel=\"noopener\">sa d\u00e9faite en demi-finale de la Champions Cup<\/a>\u00a0contre Bordeaux-B\u00e8gles,\u00a0<a href=\"http:\/\/www.lefigaro.fr\/sports\/rugby\/coupe-d-europe\/rugby-hecatombe-titre-abandonne-orgueil-pique-le-stade-promet-de-vite-rebondir-20250505\" data-fig-type=\"NewsFlash\" data-gtm-custom-categorie=\"navigation\" data-gtm-custom-action=\"crossclick\" data-gtm-custom-label=\"Contextuel\" data-gtm-event=\"customEventSPE\" data-fig-domain=\"LEFIGARO\" target=\"_blank\" rel=\"noopener\">le Stade Toulousain<\/a>, leader du Top 14, alignera une \u00e9quipe fortement remani\u00e9e pour d\u00e9fier Toulon (3e), samedi soir (21h05) au Stade V\u00e9lodrome de Marseille, \u00e0 l\u2019occasion de la 23e journ\u00e9e. Le manager toulousain Ugo Mola, d\u00e9j\u00e0 priv\u00e9 de plusieurs cadres bless\u00e9s (Antoine Dupont, Thomas Ramos, Blair Kinghorn et Peato Mauvaka), a d\u00e9cid\u00e9 de laisser Jack Willis et Pita Ahki au repos.<\/p>\n<p class=\"fig-paragraph\">Pour ce choc face au RCT, Thibaud Flament, Fran\u00e7ois Cros et Ange Capuozzo seront sur le pont et d\u00e9buteront comme titulaires. Toulouse \u00e9voluera avec la charni\u00e8re Naoto Saito-Romain Ntamack, avec Santiago Chocobares et Paul Graou au centre. Ange Capuozzo et Mathis Lebel d\u00e9buteront sur les ailes. Sur le banc, on retrouve n\u00e9anmoins Emmanuel Meafou, Cyril Baille, Alexandre Roumat et Pierre-Louis Barassi.<\/p>\n<p>La compo de Toulouse\u00a0:<\/p>\n<p class=\"fig-paragraph\">15. Remue\u2005- 14. Capuozzo, 13. Costes, 12. Chocobares, 11. Lebel\u2005- 10. R. Ntamack, 9. Saito\u2005- 7. Castro-Ferreira, 8. Jelonch (cap.), 6. Cros\u2005- 5. Flament, 4. Brennan\u2005- 3. Merkler, 2. Cramont, 1. Ainu\u2019u.<br \/>Rempla\u00e7ants\u00a0: 16. Lacombre, 17. Baille, 18. Meafou, 19. Roumat, 20. T. Ntamack, 21. Graou, 22. Barassi, 23. Aldegheri.<\/p>\n","protected":false},"excerpt":{"rendered":"Les Toulousains affrontent ce samedi (21h05) les Toulonnais au Stade V\u00e9lodrome de Marseille, \u00e0 l\u2019occasion de la 23e&hellip;\n","protected":false},"author":2,"featured_media":87212,"comment_status":"","ping_status":"","sticky":false,"template":"","format":"standard","meta":{"footnotes":""},"categories":[9619],"tags":[1111,11,525,4590,1981,2313,814,1777,674,1011,27,955,12,4589,882,2311,3461,25,1980,479,10405,2259,476,478,2310,2312],"class_list":{"0":"post-87211","1":"post","2":"type-post","3":"status-publish","4":"format-standard","5":"has-post-thumbnail","7":"category-toulon","8":"tag-actu","9":"tag-actualites","10":"tag-calendrier","11":"tag-championnat-france","12":"tag-classement","13":"tag-clermont","14":"tag-direct","15":"tag-eu","16":"tag-europe","17":"tag-fr","18":"tag-france","19":"tag-match","20":"tag-news","21":"tag-phase-finale","22":"tag-provence-alpes-cote-dazur","23":"tag-racing","24":"tag-rct","25":"tag-republique-francaise","26":"tag-resultats","27":"tag-rugby","28":"tag-rugby-club-toulonnais","29":"tag-score","30":"tag-stade-toulousain","31":"tag-top-14","32":"tag-toulon","33":"tag-toulouse"},"share_on_mastodon":{"url":"https:\/\/pubeurope.com\/@fr\/114478814670732169","error":""},"_links":{"self":[{"href":"https:\/\/www.europesays.com\/fr\/wp-json\/wp\/v2\/posts\/87211","targetHints":{"allow":["GET"]}}],"collection":[{"href":"https:\/\/www.europesays.com\/fr\/wp-json\/wp\/v2\/posts"}],"about":[{"href":"https:\/\/www.europesays.com\/fr\/wp-json\/wp\/v2\/types\/post"}],"author":[{"embeddable":true,"href":"https:\/\/www.europesays.com\/fr\/wp-json\/wp\/v2\/users\/2"}],"replies":[{"embeddable":true,"href":"https:\/\/www.europesays.com\/fr\/wp-json\/wp\/v2\/comments?post=87211"}],"version-history":[{"count":0,"href":"https:\/\/www.europesays.com\/fr\/wp-json\/wp\/v2\/posts\/87211\/revisions"}],"wp:featuredmedia":[{"embeddable":true,"href":"https:\/\/www.europesays.com\/fr\/wp-json\/wp\/v2\/media\/87212"}],"wp:attachment":[{"href":"https:\/\/www.europesays.com\/fr\/wp-json\/wp\/v2\/media?parent=87211"}],"wp:term":[{"taxonomy":"category","embeddable":true,"href":"https:\/\/www.europesays.com\/fr\/wp-json\/wp\/v2\/categories?post=87211"},{"taxonomy":"post_tag","embeddable":true,"href":"https:\/\/www.europesays.com\/fr\/wp-json\/wp\/v2\/tags?post=87211"}],"curies":[{"name":"wp","href":"https:\/\/api.w.org\/{rel}","templated":true}]}}