{"id":87217,"date":"2025-05-09T16:29:09","date_gmt":"2025-05-09T16:29:09","guid":{"rendered":"https:\/\/www.europesays.com\/fr\/87217\/"},"modified":"2025-05-09T16:29:09","modified_gmt":"2025-05-09T16:29:09","slug":"une-enfance-au-coeur-de-la-delinquance","status":"publish","type":"post","link":"https:\/\/www.europesays.com\/fr\/87217\/","title":{"rendered":"une enfance au c\u0153ur de la d\u00e9linquance"},"content":{"rendered":"<p data-module=\"fig-standfirst-editorial-episode\" data-context=\"@media (min-width:48em)\"><strong>EXCLUSIF &#8211; <\/strong>Il y a vingt ans, \u00abLa Mouche\u00bb, que l\u2019on surnommait d\u00e9j\u00e0 ainsi, grandissait dans un quartier sensible de Rouen, entre vols et petits trafics. Sa rencontre avec un groupe d\u2019adolescents issus de la communaut\u00e9 Manjak d\u2019\u00c9vreux fa\u00e7onnera le destin de ce gar\u00e7on solitaire et incontr\u00f4lable.<\/p>\n<p class=\"fig-paragraph fig-paragraph--dropped\">Courant des ann\u00e9es 2000, \u00e0 Rouen. Mohamed passe son temps dehors, l\u2019enfant est un vrai courant d\u2019air. Le petit de la Sabli\u00e8re, une cit\u00e9 de l\u2019agglom\u00e9ration rouennaise o\u00f9 il habite avec sa m\u00e8re et une soeur a\u00een\u00e9e, s\u2019est li\u00e9 avec d\u2019autres d\u00e9linquants de son \u00e2ge. Ensemble, ils trempent dans divers vols et petits trafics. C\u2019est l\u00e0, dans deux cit\u00e9s normandes, que se scellent l\u2019enfance et l\u2019histoire du futur narcotrafiquant. Au pied des immeubles du quartier (rebaptis\u00e9 Grammont, NDLR), les bandes de jeunes l\u2019ont affubl\u00e9 d\u2019un surnom,\u00a0<a href=\"http:\/\/www.lefigaro.fr\/faits-divers\/il-a-fait-trembler-l-europe-wallah-quand-koba-lad-commentait-l-evasion-d-amra-depuis-la-prison-20250409\" data-fig-type=\"Article\" data-gtm-custom-categorie=\"navigation\" data-gtm-custom-action=\"crossclick\" data-gtm-custom-label=\"Contextuel\" data-gtm-event=\"customEventSPE\" data-fig-domain=\"LEFIGARO\" target=\"_blank\" rel=\"noopener\">\u00abLa Mouche\u00bb<\/a>, pour \u00abla mouche \u00e0 m*rde\u00bb, car quand il y a un mauvais coup \u00e0 faire, Amra en est. Le sobriquet suivra cet \u00e9lectron libre incontr\u00f4lable pour le reste de son destin de d\u00e9linquant, puis de criminel. Du quartier de La Madeleine d\u2019\u00c9vreux \u00e0 la prison des Baumettes, jusqu\u2019\u00e0\u00a0<a href=\"http:\/\/www.lefigaro.fr\/faits-divers\/284-jours-de-traque-d-incarville-a-bucarest-les-secrets-de-la-folle-cavale-fantome-de-mohamed-amra-20250501\" data-fig-type=\"Article\" data-gtm-custom-categorie=\"navigation\" data-gtm-custom-action=\"crossclick\" data-gtm-custom-label=\"Contextuel\" data-gtm-event=\"customEventSPE\" data-fig-domain=\"LEFIGARO\" target=\"_blank\" rel=\"noopener\">Bucarest<\/a>\u00a0o\u00f9 sa cavale a pris fin, le 22 f\u00e9vrier.<\/p>\n<p class=\"fig-paragraph fig-paragraph--dropped\">\u00c0 l\u2019\u00e9poque, \u00e0 Rouen, le jeune Mohamed entre dans les radars de la justice des mineurs. Les enfants comme lui, qui poussent de travers, r\u00e9coltent les sermons des juges et un assortiment de mesures de suivi socio-judiciaire. Il est signal\u00e9 \u00e0 la police d\u00e8s l\u2019\u00e2ge de 9 ans pour\u2026<\/p>\n<p class=\"fig-premium-paywall__infos\">\n        Cet article est r\u00e9serv\u00e9 aux abonn\u00e9s.        Il vous reste 92% \u00e0 d\u00e9couvrir.\n    <\/p>\n<p>                <img  data- alt=\"Le Figaro\" class=\"fig-img--complete fig-img\"\/><\/p>\n<p class=\"fig-premium-paywall__title\">Je m&rsquo;informe, je m&rsquo;inspire, je m&rsquo;abonne.<\/p>\n<p class=\"fig-premium-paywall__subtitle\">D\u00e9couvrez notre offre de bienvenue.<\/p>\n<p class=\"fig-premium-paywall__connect\">\n                D\u00e9j\u00e0 abonn\u00e9\u00a0?                <a class=\"fig-premium-paywall__connect-link\" href=\"https:\/\/connect.lefigaro.fr\/login?client=horizon_web&amp;type=main&amp;redirect_uri=https%3A%2F%2Fwww.lefigaro.fr%2Ffaits-divers%2Fd-une-cite-a-l-autre-de-rouen-a-evreux-la-fabrique-de-mohamed-amra-une-enfance-au-coeur-de-la-delinquance-20250509\" data-js-gtm=\"{&quot;customCategorie&quot;: &quot;conversion&quot;, &quot;customAction&quot;: &quot;before_Landing_Connexion_paywall_manuel&quot;, &quot;customLabel&quot;: &quot;bGVmaWdhcm8uZnJfXzFmMDI0ZTE3LTEzMGEtNjVhMi04MGEwLTliNzhhOTliZTRjN19fQXJ0aWNsZQ==_D\u2019une cit\u00e9 \u00e0 l\u2019autre, de Rouen \u00e0 \u00c9vreux, la fabrique de Mohamed Amra\u00a0: une enfance au c\u0153ur de la d\u00e9linquance_273&quot;, &quot;customIDSPE&quot;: &quot;bGVmaWdhcm8uZnJfXzFmMDI0ZTE3LTEzMGEtNjVhMi04MGEwLTliNzhhOTliZTRjN19fQXJ0aWNsZQ==&quot;, &quot;event&quot;: &quot;customEventSPE&quot;}\" target=\"_blank\" rel=\"noopener\"><br \/>\n                    Connectez-vous<br \/>\n                <\/a>\n            <\/p>\n","protected":false},"excerpt":{"rendered":"EXCLUSIF &#8211; Il y a vingt ans, \u00abLa Mouche\u00bb, que l\u2019on surnommait d\u00e9j\u00e0 ainsi, grandissait dans un quartier&hellip;\n","protected":false},"author":2,"featured_media":87218,"comment_status":"","ping_status":"","sticky":false,"template":"","format":"standard","meta":{"footnotes":""},"categories":[9587],"tags":[119,1111,11,3694,271,2951,3695,1777,674,3696,19710,118,1011,27,2825,1253,303,12,5161,1072,2694,25,9590,2949],"class_list":{"0":"post-87217","1":"post","2":"type-post","3":"status-publish","4":"format-standard","5":"has-post-thumbnail","7":"category-rouen","8":"tag-accident","9":"tag-actu","10":"tag-actualites","11":"tag-affaires","12":"tag-crime","13":"tag-criminalite","14":"tag-enquetes","15":"tag-eu","16":"tag-europe","17":"tag-evenements","18":"tag-evreux","19":"tag-faits-divers","20":"tag-fr","21":"tag-france","22":"tag-insecurite","23":"tag-islamisme","24":"tag-justice","25":"tag-news","26":"tag-normandie","27":"tag-police","28":"tag-proces","29":"tag-republique-francaise","30":"tag-rouen","31":"tag-violences"},"share_on_mastodon":{"url":"https:\/\/pubeurope.com\/@fr\/114478826303514003","error":""},"_links":{"self":[{"href":"https:\/\/www.europesays.com\/fr\/wp-json\/wp\/v2\/posts\/87217","targetHints":{"allow":["GET"]}}],"collection":[{"href":"https:\/\/www.europesays.com\/fr\/wp-json\/wp\/v2\/posts"}],"about":[{"href":"https:\/\/www.europesays.com\/fr\/wp-json\/wp\/v2\/types\/post"}],"author":[{"embeddable":true,"href":"https:\/\/www.europesays.com\/fr\/wp-json\/wp\/v2\/users\/2"}],"replies":[{"embeddable":true,"href":"https:\/\/www.europesays.com\/fr\/wp-json\/wp\/v2\/comments?post=87217"}],"version-history":[{"count":0,"href":"https:\/\/www.europesays.com\/fr\/wp-json\/wp\/v2\/posts\/87217\/revisions"}],"wp:featuredmedia":[{"embeddable":true,"href":"https:\/\/www.europesays.com\/fr\/wp-json\/wp\/v2\/media\/87218"}],"wp:attachment":[{"href":"https:\/\/www.europesays.com\/fr\/wp-json\/wp\/v2\/media?parent=87217"}],"wp:term":[{"taxonomy":"category","embeddable":true,"href":"https:\/\/www.europesays.com\/fr\/wp-json\/wp\/v2\/categories?post=87217"},{"taxonomy":"post_tag","embeddable":true,"href":"https:\/\/www.europesays.com\/fr\/wp-json\/wp\/v2\/tags?post=87217"}],"curies":[{"name":"wp","href":"https:\/\/api.w.org\/{rel}","templated":true}]}}