{"id":872183,"date":"2026-04-16T04:40:16","date_gmt":"2026-04-16T04:40:16","guid":{"rendered":"https:\/\/www.europesays.com\/fr\/872183\/"},"modified":"2026-04-16T04:40:16","modified_gmt":"2026-04-16T04:40:16","slug":"hockey-sur-glace-finale-de-ligue-magnus-pourquoi-les-bruleurs-de-loups-doivent-sinspirer-des-rapaces-de-gap-pour-etre-sacres","status":"publish","type":"post","link":"https:\/\/www.europesays.com\/fr\/872183\/","title":{"rendered":"Hockey sur glace &#8211; Finale de Ligue Magnus. Pourquoi les Br\u00fbleurs de loups doivent s&rsquo;inspirer des Rapaces de Gap pour \u00eatre sacr\u00e9s"},"content":{"rendered":"<p class=\"insetTitle\">Des s\u00e9ries au meilleur des\u00a0sept matches, un changement assez r\u00e9cent<\/p>\n<p>Il faut remonter \u00e0 la saison 2011-2012 pour voir la premi\u00e8re s\u00e9rie de play-offs de Ligue Magnus disput\u00e9e au meilleur des sept matches. A l&rsquo;\u00e9poque, seule la finale s&rsquo;\u00e9tait jou\u00e9e dans ce format.<\/p>\n<p>Apr\u00e8s une extension aux demi-finales lors de la saison 2013-2014, les s\u00e9ries au meilleur des sept matches ont \u00e9t\u00e9 g\u00e9n\u00e9ralis\u00e9es lors de l&rsquo;exercice 2015-2016 qui a mis fin au tour pr\u00e9liminaire qui concernait les \u00e9quipes class\u00e9es de la cinqui\u00e8me \u00e0 la douzi\u00e8me place.<\/p>\n","protected":false},"excerpt":{"rendered":"Des s\u00e9ries au meilleur des\u00a0sept matches, un changement assez r\u00e9cent Il faut remonter \u00e0 la saison 2011-2012 pour&hellip;\n","protected":false},"author":2,"featured_media":872184,"comment_status":"","ping_status":"","sticky":false,"template":"","format":"standard","meta":{"footnotes":"","_share_on_mastodon":"0"},"categories":[9566],"tags":[1111,11,2430,112,4521,1777,674,1701,1011,27,1085,16204,38800,2731,2732,881,4133,35795,10145,108,10146,1985,12,25,517,1947],"class_list":["post-872183","post","type-post","status-publish","format-standard","has-post-thumbnail","category-grenoble","tag-actu","tag-actualites","tag-auvergne-rhone-alpes","tag-edition-grenoble-agglomeration","tag-edition-hautes-alpes-alpes-de-haute-provence","tag-eu","tag-europe","tag-fil-info-sport","tag-fr","tag-france","tag-gap","tag-gap-bassin","tag-gapencais","tag-grenoble","tag-grenoble-bassin","tag-hautes-alpes","tag-hockey-sur-glace","tag-hockey-sur-glace-gap","tag-hockey-sur-glace-grenoble","tag-isere","tag-ligue-magnus-hockey-sur-glace","tag-metropole-de-grenoble","tag-news","tag-republique-francaise","tag-sport","tag-sport-national"],"share_on_mastodon":{"url":"","error":"Validation failed: Text character limit of 500 exceeded"},"_links":{"self":[{"href":"https:\/\/www.europesays.com\/fr\/wp-json\/wp\/v2\/posts\/872183","targetHints":{"allow":["GET"]}}],"collection":[{"href":"https:\/\/www.europesays.com\/fr\/wp-json\/wp\/v2\/posts"}],"about":[{"href":"https:\/\/www.europesays.com\/fr\/wp-json\/wp\/v2\/types\/post"}],"author":[{"embeddable":true,"href":"https:\/\/www.europesays.com\/fr\/wp-json\/wp\/v2\/users\/2"}],"replies":[{"embeddable":true,"href":"https:\/\/www.europesays.com\/fr\/wp-json\/wp\/v2\/comments?post=872183"}],"version-history":[{"count":0,"href":"https:\/\/www.europesays.com\/fr\/wp-json\/wp\/v2\/posts\/872183\/revisions"}],"wp:featuredmedia":[{"embeddable":true,"href":"https:\/\/www.europesays.com\/fr\/wp-json\/wp\/v2\/media\/872184"}],"wp:attachment":[{"href":"https:\/\/www.europesays.com\/fr\/wp-json\/wp\/v2\/media?parent=872183"}],"wp:term":[{"taxonomy":"category","embeddable":true,"href":"https:\/\/www.europesays.com\/fr\/wp-json\/wp\/v2\/categories?post=872183"},{"taxonomy":"post_tag","embeddable":true,"href":"https:\/\/www.europesays.com\/fr\/wp-json\/wp\/v2\/tags?post=872183"}],"curies":[{"name":"wp","href":"https:\/\/api.w.org\/{rel}","templated":true}]}}