{"id":87225,"date":"2025-05-09T16:34:09","date_gmt":"2025-05-09T16:34:09","guid":{"rendered":"https:\/\/www.europesays.com\/fr\/87225\/"},"modified":"2025-05-09T16:34:09","modified_gmt":"2025-05-09T16:34:09","slug":"rennes-recompensee-pour-sa-proprete-ce-que-signifie-vraiment-ce-label-qui-fait-tiquer-certains-habitants","status":"publish","type":"post","link":"https:\/\/www.europesays.com\/fr\/87225\/","title":{"rendered":"Rennes r\u00e9compens\u00e9e pour sa propret\u00e9\u00a0: ce que signifie vraiment ce label qui fait tiquer certains habitants"},"content":{"rendered":"<p>Autour de la machine \u00e0 caf\u00e9, le sujet est in\u00e9puisable &#8211; notre r\u00e9daction peut en t\u00e9moigner. Les rues de la ville sont-elles propres ? Peut-\u00eatre une affaire de perception. C\u2019est en tout cas l\u2019avis de l\u2019Association des villes pour la propret\u00e9 urbaine (AVPU). Chaque ann\u00e9e, elle d\u00e9cerne les \u00e9toiles de son label \u00ab \u00e9co-propre \u00bb. Rennes, en la mati\u00e8re, n\u2019est pas loin du firmament. Elle vient de recevoir son 4e astre et se trouve d\u00e9sormais aux portes du club tr\u00e8s s\u00e9lect des communes qui en ont cinq, la note maximale. Les stars : <a href=\"https:\/\/www.letelegramme.fr\/cotes-d-armor\/saint-brieuc-22000\/saint-brieuc-une-ville-a-la-proprete-cinq-etoiles-6608906.php\" target=\"_blank\" rel=\"noopener\">Saint-Brieuc<\/a>, Niort, Metz, Nice et Cannes.<\/p>\n<p>La municipalit\u00e9 rennaise s\u2019est aussit\u00f4t f\u00e9licit\u00e9e de ce coup de projecteur qui \u00ab r\u00e9compense ses efforts et ses performances \u00bb. Son plan Propret\u00e9 global a s\u00e9duit le jury. Vot\u00e9 en 2018 et reconduit en 2022, il s\u2019appuie sur quelque 120 agents municipaux qui, de 4 h 30 \u00e0 19 h, balaient les pav\u00e9s, vident les poubelles publiques et ramassent les d\u00e9p\u00f4ts sauvages. La Ville mise aussi sur la pr\u00e9vention aupr\u00e8s des habitants. Parmi les mesures concr\u00e8tes : distribution en novembre 2024 de cendriers de poche dans les bureaux de tabac, convention avec McDonald\u2019s pour r\u00e9duire les emballages, participation au World clean up day\u2026<\/p>\n<p>La salet\u00e9, \u00ab une question tr\u00e8s subjective \u00bb<\/p>\n<p>La nouvelle a fait sourire (jaune) quelques habitants. Sur les r\u00e9seaux sociaux, l\u2019\u00e9toile a \u00e9t\u00e9 accueillie par une flop\u00e9e de commentaires acerbes soulignant l\u2019\u00e9tat des rues. Notamment dans le centre-ville o\u00f9 certains s\u2019\u00e9meuvent de devoir slalomer entre les d\u00e9jections canines devant des murs recouverts de tags. Sombre tableau, nuanc\u00e9 par quelques internautes remerciant, au passage, les agents municipaux pour leur travail quotidien. De quoi rappeler au bon souvenir des \u00e9lus ce sondage de 2018 : un Rennais sur quatre trouvaient la ville trop sale \u00e0 l\u2019\u00e9poque.<\/p>\n<p>Ce scepticisme vient sans doute d\u2019un malentendu. Ce label \u00e9co-propre signifie-t-il que les municipalit\u00e9s r\u00e9compens\u00e9es sont des f\u00e9es de la voirie ? \u00ab Non \u00bb, r\u00e9pond Herv\u00e9 Guillaume, pr\u00e9sident de l\u2019AVPU. \u00ab Nous ne jugeons pas un \u00e9tat final. \u00bb Ce Breton a fond\u00e9 il y a quinze ans l\u2019association qui compte aujourd\u2019hui 280 villes, dont les plus grandes de France. \u00ab \u00c0 l\u2019\u00e9poque, je travaillais avec des services propret\u00e9 un peu partout. Je trouvais qu\u2019il fallait une m\u00e9thodologie pour objectiver les choses car la salet\u00e9 est une question tr\u00e8s subjective. \u00bb<\/p>\n<p>La propret\u00e9 est \u00ab une affaire collective \u00bb<\/p>\n<p>L\u2019AVPU revendique \u00eatre la seule de l\u2019Hexagone \u00e0 lab\u00e9liser les communes dans ce domaine. Ceci \u00e0 partir, d\u2019abord, d\u2019\u00ab Indicateurs objectifs de propret\u00e9 \u00bb. Chaque ville s\u00e9lectionne un panel de rues repr\u00e9sentatives et quantifie, une fois par mois, ce qu\u2019elle y trouve. Emballages, \u00ab oublis \u00bb canins, m\u00e9gots, graffitis, affichage sauvage\u2026 Les donn\u00e9es sont ensuite transmises \u00e0 l\u2019association, qui analyse les donn\u00e9es. Voil\u00e0 c\u00f4t\u00e9 chiffres. Mais la mise en place de ces campagnes de mesure ne permet d\u2019obtenir que la premi\u00e8re \u00e9toile.<\/p>\n<p>L\u2019AVPU a un postulat : une ville n\u2019est pas sale, elle est salie par ses habitants. \u00ab \u00c0 partir de l\u00e0, soit une ville se contente de nettoyer, ce qui co\u00fbte de plus en plus. Soit elle met aussi en place des actions de pr\u00e9vention pour qu\u2019\u00e0 terme, il n\u2019y ait plus besoin de le faire \u00bb, estime Herv\u00e9 Guillaume. \u00ab Par provocation, je dis parfois que lorsqu\u2019on doit envoyer un balayeur, c\u2019est un aveu d\u2019\u00e9chec ! \u00bb Rennes vient donc d\u2019\u00eatre r\u00e9compens\u00e9e avant tout pour sa politique de pr\u00e9vention\ufeff. Et Herv\u00e9 Guillaume l\u2019assure : pas de copinage avec le jury, compos\u00e9 de dix \u00e9lus de toute la France et autant d\u2019agents. \u00ab Chez nous, c\u2019est comme l\u2019\u00e9lection du pape : il faut deux tiers des voix pour qu\u2019un dossier soit valid\u00e9. \u00bb<\/p>\n","protected":false},"excerpt":{"rendered":"Autour de la machine \u00e0 caf\u00e9, le sujet est in\u00e9puisable &#8211; notre r\u00e9daction peut en t\u00e9moigner. Les rues&hellip;\n","protected":false},"author":2,"featured_media":87226,"comment_status":"","ping_status":"","sticky":false,"template":"","format":"standard","meta":{"footnotes":""},"categories":[2821],"tags":[1111,11,829,1777,674,1011,27,12,584,25,10810],"class_list":{"0":"post-87225","1":"post","2":"type-post","3":"status-publish","4":"format-standard","5":"has-post-thumbnail","7":"category-rennes","8":"tag-actu","9":"tag-actualites","10":"tag-bretagne","11":"tag-eu","12":"tag-europe","13":"tag-fr","14":"tag-france","15":"tag-news","16":"tag-rennes","17":"tag-republique-francaise","18":"tag-urbanisme-a-rennes"},"share_on_mastodon":{"url":"https:\/\/pubeurope.com\/@fr\/114478846102044153","error":""},"_links":{"self":[{"href":"https:\/\/www.europesays.com\/fr\/wp-json\/wp\/v2\/posts\/87225","targetHints":{"allow":["GET"]}}],"collection":[{"href":"https:\/\/www.europesays.com\/fr\/wp-json\/wp\/v2\/posts"}],"about":[{"href":"https:\/\/www.europesays.com\/fr\/wp-json\/wp\/v2\/types\/post"}],"author":[{"embeddable":true,"href":"https:\/\/www.europesays.com\/fr\/wp-json\/wp\/v2\/users\/2"}],"replies":[{"embeddable":true,"href":"https:\/\/www.europesays.com\/fr\/wp-json\/wp\/v2\/comments?post=87225"}],"version-history":[{"count":0,"href":"https:\/\/www.europesays.com\/fr\/wp-json\/wp\/v2\/posts\/87225\/revisions"}],"wp:featuredmedia":[{"embeddable":true,"href":"https:\/\/www.europesays.com\/fr\/wp-json\/wp\/v2\/media\/87226"}],"wp:attachment":[{"href":"https:\/\/www.europesays.com\/fr\/wp-json\/wp\/v2\/media?parent=87225"}],"wp:term":[{"taxonomy":"category","embeddable":true,"href":"https:\/\/www.europesays.com\/fr\/wp-json\/wp\/v2\/categories?post=87225"},{"taxonomy":"post_tag","embeddable":true,"href":"https:\/\/www.europesays.com\/fr\/wp-json\/wp\/v2\/tags?post=87225"}],"curies":[{"name":"wp","href":"https:\/\/api.w.org\/{rel}","templated":true}]}}