{"id":872527,"date":"2026-04-16T08:26:19","date_gmt":"2026-04-16T08:26:19","guid":{"rendered":"https:\/\/www.europesays.com\/fr\/872527\/"},"modified":"2026-04-16T08:26:19","modified_gmt":"2026-04-16T08:26:19","slug":"loi-pour-la-restitution-doeuvres-spoliees-au-musee-daquitaine-lenquete-sur-les-provenances-trouve-un-cadre","status":"publish","type":"post","link":"https:\/\/www.europesays.com\/fr\/872527\/","title":{"rendered":"Loi pour la restitution d&rsquo;\u0153uvres spoli\u00e9es : au mus\u00e9e d\u2019Aquitaine, l\u2019enqu\u00eate sur les provenances trouve un cadre"},"content":{"rendered":"<p class=\"wp-block-post-excerpt__excerpt\">Alors que la loi sur la restitution des biens culturels, adopt\u00e9e par le S\u00e9nat puis l\u2019Assembl\u00e9e nationale, doit encore \u00eatre finalis\u00e9e, Katia Kukawka, directrice-adjointe du mus\u00e9e d\u2019Aquitaine, en d\u00e9crypte les effets concrets. Proc\u00e9dures, recherches de provenance, limites du texte : au c\u0153ur des collections bordelaises, l\u2019enqu\u00eate s\u2019organise d\u00e9sormais dans un cadre in\u00e9dit. <\/p>\n<p><a href=\"https:\/\/rue89bordeaux.com\/category\/kiosque-abonne\/\" rel=\"tag nofollow noopener\" target=\"_blank\">\u00c9dition abonn\u00e9s<\/a>, <a href=\"https:\/\/rue89bordeaux.com\/category\/entretien\/\" rel=\"tag nofollow noopener\" target=\"_blank\">Entretien<\/a><\/p>\n<p>Walid Salem<\/p>\n<p>Publi\u00e9 le 16 avril 2026\u00a0\u00a0\u00b7\u00a0\u00a0<\/p>\n<p>Imprim\u00e9 le 16 avril 2026 \u00e0 10h26\u00a0\u00a0\u00b7\u00a0\u00a0<\/p>\n<p>\t\t\t\t\t6\u00a0minutes\n<\/p>\n<p>Adopt\u00e9e par <a href=\"https:\/\/www.senat.fr\/travaux-parlementaires\/textes-legislatifs\/la-loi-en-clair\/projet-de-loi-relatif-a-la-restitution-de-biens-culturels-provenant-detats-qui-du-fait-dune-appropriation-illicite-en-ont-ete-prives.html\" target=\"_blank\" rel=\"noreferrer noopener nofollow\">le S\u00e9nat le 28 janvier 2026<\/a> puis par <a href=\"https:\/\/www.assemblee-nationale.fr\/dyn\/actualites-accueil-hub\/adoption-du-projet-de-loi-relatif-a-la-restitution-de-biens-culturels-provenant-d-etats-qui-du-fait-d-une-appropriation-illicite-en-ont-ete-prives\" target=\"_blank\" rel=\"noreferrer noopener nofollow\">l\u2019Assembl\u00e9e nationale le 13 avril 2026<\/a>, la loi-cadre sur la restitution des biens culturels marque une nouvelle \u00e9tape dans la politique patrimoniale fran\u00e7aise. Le texte doit d\u00e9sormais faire l\u2019objet d\u2019une commission mixte paritaire charg\u00e9e d\u2019aboutir \u00e0 une version commune entre les deux chambres. En cas d\u2019accord, le texte sera d\u00e9finitivement adopt\u00e9 ; \u00e0 d\u00e9faut, il repartira en nouvelle lecture devant le Parlement.<\/p>\n<p>Attendue depuis plusieurs ann\u00e9es, cette loi vise \u00e0 faciliter le retour d\u2019\u0153uvres conserv\u00e9es dans les collections publiques fran\u00e7aises vers les \u00c9tats qui en ont \u00e9t\u00e9 priv\u00e9s, notamment dans des contextes d\u2019acquisitions jug\u00e9es illicites, souvent li\u00e9es \u00e0 l\u2019histoire coloniale.<\/p>\n<p>Jusqu\u2019ici, chaque restitution n\u00e9cessitait une loi sp\u00e9cifique vot\u00e9e au cas par cas, en raison du principe d\u2019inali\u00e9nabilit\u00e9 des collections publiques. Le nouveau texte introduit un m\u00e9canisme g\u00e9n\u00e9ral permettant de d\u00e9roger \u00e0 ce principe et d\u2019organiser, par voie administrative, la sortie du domaine public de certains biens culturels afin de les restituer \u00e0 leur pays d\u2019origine.<\/p>\n<p>Encadr\u00e9e par des commissions scientifiques et des proc\u00e9dures pr\u00e9cises, cette loi entend \u00e0 la fois acc\u00e9l\u00e9rer les restitutions et renforcer les exigences en mati\u00e8re de recherche de provenance. Elle s\u2019inscrit dans un contexte de demandes croissantes de la part de plusieurs \u00c9tats, et dans un d\u00e9bat toujours sensible sur les conditions d\u2019acquisition des collections europ\u00e9ennes.<\/p>\n<p>Pour conna\u00eetre l\u2019application concr\u00e8te de cette loi, Rue89 Bordeaux s\u2019est entretenu avec Katia Kukawka. La directrice-adjointe du mus\u00e9e d\u2019Aquitaine est engag\u00e9e dans des travaux de recherche de provenance \u00e0 l\u2019\u00e9chelle r\u00e9gionale \u00e0 travers le projet ANADA (Afriques-Nouvelle-Aquitaine\u00a0: d\u00e9colonisation des arts).<\/p>\n<p class=\"has-primary-color has-text-color\">\n\t\t\t<strong> Cet article fait partie de l\u2019\u00e9dition abonn\u00e9s.<\/strong><br \/>\n\t\t\t| D\u00e9j\u00e0 abonn\u00e9\u00a0?<br \/>\n\t\t\t<a href=\"https:\/\/rue89bordeaux.com\/user\/login\/\" data-type=\"page\" data-id=\"26256\" rel=\"nofollow noopener\" target=\"_blank\">Connectez-vous<\/a>\n\t\t<\/p>\n<p>Abonnez-vous maintenant pour poursuivre votre lecture<\/p>\n<p><img loading=\"lazy\" decoding=\"async\" width=\"607\" height=\"480\" src=\"https:\/\/www.europesays.com\/fr\/wp-content\/uploads\/2025\/04\/1744387698_768_04-paywall.png\" alt=\"Abonnez-vous\" class=\"wp-image-128438\" style=\"aspect-ratio:1.2645833333333334;width:281px;height:auto\"  \/><\/p>\n<p>\t\t\t<a href=\"https:\/\/rue89bordeaux.com\/\" class=\"custom-logo-link\" rel=\"home nofollow noopener\" target=\"_blank\"><img loading=\"lazy\" decoding=\"async\" width=\"290\" height=\"49\" src=\"https:\/\/www.europesays.com\/fr\/wp-content\/uploads\/2025\/04\/logo.png\" class=\"custom-logo\" alt=\"Rue89Bordeaux Enqu\u00eates et informations de proximit\u00e9\"  \/><\/a><\/p>\n<p>\n\t\t\t\tAbonnez-vous maintenant pour suivre l\u2019actualit\u00e9 locale.\t\t\t<\/p>\n<p class=\"font-bold font-serif-heading mb-2 text-4xl\">\n\t\t\t\t\t\tL\u2019investigation locale \u00e0 port\u00e9e de main.\n\t\t\t\t\t<\/p>\n<p>\n\t\t\t\t\t\tAbonnez-vous et profitez d\u2019un acc\u00e8s illimit\u00e9 \u00e0 Rue89Bordeaux. Annulez quand vous voulez.\n\t\t\t\t\t<\/p>\n<p class=\"xl:text-sm\">\n\t\t\t\t\tD\u00e9j\u00e0 abonn\u00e9\u00a0?<br \/>\n\t\t\t\t\t<a class=\"border border-transparent text-center transition-colors duration-instant focus:border-info focus:rounded focus:shadow-focus cursor-pointer text-black hover:text-gray-700 active:bg-black-700 font-semibold inline-block\" href=\"https:\/\/rue89bordeaux.com\/user\/login\/?redirect=\/2026\/04\/loi-pour-la-restitution-doeuvres-spoliees-au-musee-daquitaine-lenquete-sur-les-provenances-trouve-un-cadre\/\" rel=\"nofollow noopener\" target=\"_blank\">Connectez-vous<\/a>\t\t\t\t<\/p>\n<p>\n\t\t\t\tChoisissez votre formule\u00a0:\n\t\t\t<\/p>\n<p>\t\t\t\tFermer<\/p>\n","protected":false},"excerpt":{"rendered":"Alors que la loi sur la restitution des biens culturels, adopt\u00e9e par le S\u00e9nat puis l\u2019Assembl\u00e9e nationale, doit&hellip;\n","protected":false},"author":2,"featured_media":872528,"comment_status":"","ping_status":"","sticky":false,"template":"","format":"standard","meta":{"footnotes":"","_share_on_mastodon":"0"},"categories":[2817],"tags":[1111,11,1997,9129,251,1777,674,1011,27,21147,12,2219,25],"class_list":["post-872527","post","type-post","status-publish","format-standard","has-post-thumbnail","category-bordeaux","tag-actu","tag-actualites","tag-bordeaux","tag-colonialisme","tag-culture","tag-eu","tag-europe","tag-fr","tag-france","tag-musee-daquitaine","tag-news","tag-nouvelle-aquitaine","tag-republique-francaise"],"share_on_mastodon":{"url":"https:\/\/pubeurope.com\/@fr\/116413437786809311","error":""},"_links":{"self":[{"href":"https:\/\/www.europesays.com\/fr\/wp-json\/wp\/v2\/posts\/872527","targetHints":{"allow":["GET"]}}],"collection":[{"href":"https:\/\/www.europesays.com\/fr\/wp-json\/wp\/v2\/posts"}],"about":[{"href":"https:\/\/www.europesays.com\/fr\/wp-json\/wp\/v2\/types\/post"}],"author":[{"embeddable":true,"href":"https:\/\/www.europesays.com\/fr\/wp-json\/wp\/v2\/users\/2"}],"replies":[{"embeddable":true,"href":"https:\/\/www.europesays.com\/fr\/wp-json\/wp\/v2\/comments?post=872527"}],"version-history":[{"count":0,"href":"https:\/\/www.europesays.com\/fr\/wp-json\/wp\/v2\/posts\/872527\/revisions"}],"wp:featuredmedia":[{"embeddable":true,"href":"https:\/\/www.europesays.com\/fr\/wp-json\/wp\/v2\/media\/872528"}],"wp:attachment":[{"href":"https:\/\/www.europesays.com\/fr\/wp-json\/wp\/v2\/media?parent=872527"}],"wp:term":[{"taxonomy":"category","embeddable":true,"href":"https:\/\/www.europesays.com\/fr\/wp-json\/wp\/v2\/categories?post=872527"},{"taxonomy":"post_tag","embeddable":true,"href":"https:\/\/www.europesays.com\/fr\/wp-json\/wp\/v2\/tags?post=872527"}],"curies":[{"name":"wp","href":"https:\/\/api.w.org\/{rel}","templated":true}]}}