{"id":87257,"date":"2025-05-09T16:50:08","date_gmt":"2025-05-09T16:50:08","guid":{"rendered":"https:\/\/www.europesays.com\/fr\/87257\/"},"modified":"2025-05-09T16:50:08","modified_gmt":"2025-05-09T16:50:08","slug":"il-ny-aura-pas-de-reouverture-ce-lundi-meme-dans-le-sens-de-la-montee","status":"publish","type":"post","link":"https:\/\/www.europesays.com\/fr\/87257\/","title":{"rendered":"il n\u2019y aura pas de r\u00e9ouverture ce lundi m\u00eame dans le sens de la mont\u00e9e"},"content":{"rendered":"<p>On parlait de trois semaines et peut-\u00eatre un peu moins. Apr\u00e8s l\u2019effondrement d\u2019une partie de la chauss\u00e9e, ce dimanche 4 mai, li\u00e9e \u00e0 des\u00a0fortes pluies, la mont\u00e9e de la Boucle (Lyon 4e) reste inaccessible aux voitures. Elle ne sera pas, en tout cas rouverte ce lundi 12\u00a0mai dans le sens de la mont\u00e9e comme cela avait \u00e9t\u00e9 \u00e9voqu\u00e9 ces derniers jours.<\/p>\n<p>  Une r\u00e9ouverture au cours de la semaine prochaine<\/p>\n<p>\u00ab\u00a0Les diagnostics sont toujours en cours sur les r\u00e9seaux d\u2019assainissement et on a des branchements qui passent sous la voie montante\u00a0\u00bb, avancent les services de la M\u00e9tropole. Il convient de \u00ab\u00a0tout v\u00e9rifier\u00a0\u00bb, y compris l\u2019\u00e9tat du macadam.<\/p>\n<p>Car si ce sens de circulation qui permet de remonter \u00e0 la Croix-Rousse ne semble pas endommag\u00e9, il est possible que l\u2019eau se soit infiltr\u00e9e, \u00ab\u00a0provoquant des d\u00e9gradations\u00a0\u00bb et m\u00eame \u00ab d\u2019\u00e9ventuels d\u00e9placements de terre\u00a0\u00bb. On en saura davantage, lundi, annoncent les m\u00eames services qui tablent sur une r\u00e9ouverture du sens montant \u00ab\u00a0au cours de la semaine prochaine \u00bb, sans autre d\u00e9tail.<\/p>\n<p>  R\u00e9parer les r\u00e9seaux et la chauss\u00e9e<\/p>\n<p>Pour le sens descente, il faudra compter \u00ab\u00a0plusieurs semaines\u00a0\u00bb, au moins jusqu\u2019au 23 mai.\u00a0Car une fois les analyses termin\u00e9es, il faudra r\u00e9parer les r\u00e9seaux (le collecteur n\u2019a pas \u00e9t\u00e9 cass\u00e9) et la chauss\u00e9e sur une longueur allant de la passerelle jusqu\u2019au quai du Rh\u00f4ne. Pour rappel la mont\u00e9e de la Boucle a \u00e9t\u00e9 \u00ab\u00a0remise \u00e0 neuf en\u00a02013 et\u00a02017 selon les tron\u00e7ons\u00a0\u00bb et la derni\u00e8re \u00ab\u00a0auscultation\u00a0\u00bb date de 2023.<\/p>\n<p>En attendant, <a href=\"https:\/\/www.leprogres.fr\/transport\/2025\/05\/06\/montee-de-la-boucle-fermee-pagaille-casse-tete-et-retards-pour-descendre-de-la-croix-rousse-en-voiture\" target=\"_blank\" rel=\"nofollow noopener\"> la circulation reste difficile sur le 4e arrondissement<\/a>. Et une augmentation du trafic est visible du c\u00f4t\u00e9 du boulevard de la Croix-Rousse, de la mont\u00e9e des Soldats mais aussi dans plusieurs petites rues qui sont surcharg\u00e9es de voitures. Cela devient compliqu\u00e9 et certains \u00e9lus d\u2019opposition ont r\u00e9agi. Loic Terrenes (conseiller national de Renaissance) sugg\u00e9rait via un communiqu\u00e9, diff\u00e9rents sc\u00e9narios\u00a0: \u00ab\u00a0la r\u00e9ouverture temporaire de la mont\u00e9e Saint-S\u00e9bastien\u00a0\u00bb, \u00ab\u00a0le changement de sens de circulation de la rue Eug\u00e8ne-Pons en descente, le temps des v\u00e9rifications\u00a0\u00bb, ou encore le m\u00e9tro C gratuit pour \u00ab\u00a0\u00e9viter les embouteillages\u00a0\u00bb.<\/p>\n<p>  Des mises en sens unique jusqu\u2019au 12\u00a0mai<\/p>\n<p>De son c\u00f4t\u00e9, la M\u00e9tropole de Lyon vient de prendre deux arr\u00eat\u00e9s, \u00ab\u00a0en concertation avec la Ville de Lyon, celle de Caluire et la police municipale\u00a0\u00bb pour permettre dans ce secteur de Lyon et de Caluire \u00ab\u00a0la fluidification du trafic\u00a0\u00bb et \u00ab\u00a0assurer la s\u00e9curit\u00e9 des usagers\u00a0\u00bb. <\/p>\n<p>R\u00e9sultat\u00a0? Une mise en sens unique de la mont\u00e9e de la S\u0153ur-Vially (accessible en mont\u00e9e) et de la mont\u00e9e du Petit Versailles (accessible en descente). Ce dispositif a \u00e9t\u00e9 mis en service ce jeudi 8\u00a0mai et il devrait \u00eatre appliqu\u00e9\u00a0jusqu\u2019au 12\u00a0mai prochain. \u00a0\u00a0<\/p>\n","protected":false},"excerpt":{"rendered":"On parlait de trois semaines et peut-\u00eatre un peu moins. Apr\u00e8s l\u2019effondrement d\u2019une partie de la chauss\u00e9e, ce&hellip;\n","protected":false},"author":2,"featured_media":87258,"comment_status":"","ping_status":"","sticky":false,"template":"","format":"standard","meta":{"footnotes":""},"categories":[1889],"tags":[1111,11,2430,3542,2757,1777,674,1011,27,2428,2756,12,25,2429,2803],"class_list":{"0":"post-87257","1":"post","2":"type-post","3":"status-publish","4":"format-standard","5":"has-post-thumbnail","7":"category-lyon","8":"tag-actu","9":"tag-actualites","10":"tag-auvergne-rhone-alpes","11":"tag-circulation","12":"tag-edition-lyon-villeurbanne","13":"tag-eu","14":"tag-europe","15":"tag-fr","16":"tag-france","17":"tag-lyon","18":"tag-lyon-bassin","19":"tag-news","20":"tag-republique-francaise","21":"tag-rhone","22":"tag-transport"},"share_on_mastodon":{"url":"https:\/\/pubeurope.com\/@fr\/114478908914630108","error":""},"_links":{"self":[{"href":"https:\/\/www.europesays.com\/fr\/wp-json\/wp\/v2\/posts\/87257","targetHints":{"allow":["GET"]}}],"collection":[{"href":"https:\/\/www.europesays.com\/fr\/wp-json\/wp\/v2\/posts"}],"about":[{"href":"https:\/\/www.europesays.com\/fr\/wp-json\/wp\/v2\/types\/post"}],"author":[{"embeddable":true,"href":"https:\/\/www.europesays.com\/fr\/wp-json\/wp\/v2\/users\/2"}],"replies":[{"embeddable":true,"href":"https:\/\/www.europesays.com\/fr\/wp-json\/wp\/v2\/comments?post=87257"}],"version-history":[{"count":0,"href":"https:\/\/www.europesays.com\/fr\/wp-json\/wp\/v2\/posts\/87257\/revisions"}],"wp:featuredmedia":[{"embeddable":true,"href":"https:\/\/www.europesays.com\/fr\/wp-json\/wp\/v2\/media\/87258"}],"wp:attachment":[{"href":"https:\/\/www.europesays.com\/fr\/wp-json\/wp\/v2\/media?parent=87257"}],"wp:term":[{"taxonomy":"category","embeddable":true,"href":"https:\/\/www.europesays.com\/fr\/wp-json\/wp\/v2\/categories?post=87257"},{"taxonomy":"post_tag","embeddable":true,"href":"https:\/\/www.europesays.com\/fr\/wp-json\/wp\/v2\/tags?post=87257"}],"curies":[{"name":"wp","href":"https:\/\/api.w.org\/{rel}","templated":true}]}}