{"id":87297,"date":"2025-05-09T17:12:10","date_gmt":"2025-05-09T17:12:10","guid":{"rendered":"https:\/\/www.europesays.com\/fr\/87297\/"},"modified":"2025-05-09T17:12:10","modified_gmt":"2025-05-09T17:12:10","slug":"motogp-les-salaires-astronomiques-des-meilleurs-pilotes-reveles-sports-infos-ski","status":"publish","type":"post","link":"https:\/\/www.europesays.com\/fr\/87297\/","title":{"rendered":"MotoGP : Les salaires astronomiques des meilleurs pilotes r\u00e9v\u00e9l\u00e9s &#8211; Sports Infos &#8211; Ski"},"content":{"rendered":"<p>&#13;<\/p>\n<p>La saison MotoGP 2025 ne se joue pas seulement sur la piste, mais aussi dans les contrats avec des marques qui n&rsquo;h\u00e9sitent pas \u00e0 casser leur tirelire pour s&rsquo;attirer les services des meilleurs pilotes.<\/p>\n<p>&#13;<br \/>\n&#13;<\/p>\n<p>Six fois sacr\u00e9s champion du monde dans la discipline reine, l&rsquo;immense Marc Marquez re\u00e7oit le plus beau salaire du plateau en compagnie de Fabio Quartararo qui avait d\u00e9croch\u00e9 le titre en 2021.<\/p>\n<p>&#13;<br \/>\n&#13;<\/p>\n<p>L&rsquo;Espagnol et le Fran\u00e7ais touchent la coquette somme de 12 millions d\u2019euros par ann\u00e9e. Francesco Bagnaia, double champion du monde, suit avec 7 millions annuel et de nombreuses primes suppl\u00e9mentaires.<\/p>\n<p>&#13;<br \/>\n&#13;<\/p>\n<p>&#8230;<\/p>\n<p>&#13;<br \/>\n&#13;<br \/>\n<strong>Des \u00e9carts significatifs dans le paddock<\/strong>&#13;<br \/>\n&#13;<\/p>\n<p>Jorge Mart\u00edn (4,2 M\u20ac, Aprilia), Maverick Vi\u00f1ales (4 M\u20ac, KTM Tech3) et Johann Zarco (4 M\u20ac, Honda) se tiennent aussi dans le\u00a0haut du panier.<\/p>\n<p>&#13;<br \/>\n&#13;<\/p>\n<p>Le jeunes talent\u00a0Pedro Acosta (1,5 M\u20ac, KTM) occupe la 7e place de ce classement, loin devant\u00a0Ferm\u00edn Aldeguer, Marco Bezzecchi\u00a0ou encor\u00a0Ra\u00fal Fern\u00e1ndez;<\/p>\n<p>&#13;<br \/>\n&#13;<\/p>\n<p>A noter que la marque Ducati\u00a0offre 150 000 \u20ac par victoire, 3 M\u20ac pour le titre mondial, ce qui peux\u00a0accentuer\u00a0les \u00e9carts avec les autres \u00e9curies.<\/p>\n<p>&#13;<br \/>\n&#13;<\/p>\n<p>&#8230;<\/p>\n<p>&#13;<\/p>\n","protected":false},"excerpt":{"rendered":"&#13; La saison MotoGP 2025 ne se joue pas seulement sur la piste, mais aussi dans les contrats&hellip;\n","protected":false},"author":2,"featured_media":87298,"comment_status":"","ping_status":"","sticky":false,"template":"","format":"standard","meta":{"footnotes":""},"categories":[1413],"tags":[4266,1680,1011,27,1461,1457,1456,19713,4951,19715,19714,60,4921],"class_list":{"0":"post-87297","1":"post","2":"type-post","3":"status-publish","4":"format-standard","5":"has-post-thumbnail","7":"category-moto","8":"tag-ducati","9":"tag-fabio-quartararo","10":"tag-fr","11":"tag-france","12":"tag-marc-marquez","13":"tag-moto","14":"tag-motocycle","15":"tag-motogp-2025","16":"tag-pecco-bagnaia","17":"tag-primes-motogp","18":"tag-salaires-pilotes","19":"tag-sports","20":"tag-yamaha"},"share_on_mastodon":{"url":"https:\/\/pubeurope.com\/@fr\/114478995407571329","error":""},"_links":{"self":[{"href":"https:\/\/www.europesays.com\/fr\/wp-json\/wp\/v2\/posts\/87297","targetHints":{"allow":["GET"]}}],"collection":[{"href":"https:\/\/www.europesays.com\/fr\/wp-json\/wp\/v2\/posts"}],"about":[{"href":"https:\/\/www.europesays.com\/fr\/wp-json\/wp\/v2\/types\/post"}],"author":[{"embeddable":true,"href":"https:\/\/www.europesays.com\/fr\/wp-json\/wp\/v2\/users\/2"}],"replies":[{"embeddable":true,"href":"https:\/\/www.europesays.com\/fr\/wp-json\/wp\/v2\/comments?post=87297"}],"version-history":[{"count":0,"href":"https:\/\/www.europesays.com\/fr\/wp-json\/wp\/v2\/posts\/87297\/revisions"}],"wp:featuredmedia":[{"embeddable":true,"href":"https:\/\/www.europesays.com\/fr\/wp-json\/wp\/v2\/media\/87298"}],"wp:attachment":[{"href":"https:\/\/www.europesays.com\/fr\/wp-json\/wp\/v2\/media?parent=87297"}],"wp:term":[{"taxonomy":"category","embeddable":true,"href":"https:\/\/www.europesays.com\/fr\/wp-json\/wp\/v2\/categories?post=87297"},{"taxonomy":"post_tag","embeddable":true,"href":"https:\/\/www.europesays.com\/fr\/wp-json\/wp\/v2\/tags?post=87297"}],"curies":[{"name":"wp","href":"https:\/\/api.w.org\/{rel}","templated":true}]}}