{"id":872988,"date":"2026-04-16T13:07:16","date_gmt":"2026-04-16T13:07:16","guid":{"rendered":"https:\/\/www.europesays.com\/fr\/872988\/"},"modified":"2026-04-16T13:07:16","modified_gmt":"2026-04-16T13:07:16","slug":"le-conflit-entre-deux-familles-se-termine-par-des-coups-de-couteau-un-homme-grievement-blesse","status":"publish","type":"post","link":"https:\/\/www.europesays.com\/fr\/872988\/","title":{"rendered":"Le conflit entre deux familles se termine par des coups de couteau, un homme gri\u00e8vement bless\u00e9"},"content":{"rendered":"<p>Il est toujours dans un \u00e9tat grave \u00e0 l\u2019h\u00f4pital m\u00eame s\u2019il s\u2019est stabilis\u00e9 Un homme d\u2019une quarantaine d\u2019ann\u00e9es a \u00e9t\u00e9 gri\u00e8vement bless\u00e9 dimanche soir dans <a href=\"https:\/\/www.20minutes.fr\/dossier\/coup_de_couteau\" class=\"c-link c-link--is-underlined\" rel=\"nofollow noopener\" target=\"_blank\">une rixe au couteau<\/a> dans le quartier de Villejean \u00e0 Rennes, a-t-on appris aupr\u00e8s du parquet.<\/p>\n<p>Les violences se sont produites dans un contexte conflictuel entre deux familles issues <a href=\"https:\/\/www.20minutes.fr\/dossier\/roumanie\" class=\"c-link c-link--is-underlined\" rel=\"nofollow noopener\" target=\"_blank\">de la communaut\u00e9 roumaine<\/a>. La victime et un autre individu se sont pr\u00e9sent\u00e9s ce soir-l\u00e0 \u00ab\u00a0devant le domicile de la famille adverse, pour en d\u00e9coudre\u00a0\u00bb, pr\u00e9cise Fr\u00e9d\u00e9ric Teillet, procureur de la R\u00e9publique de Rennes. Une bagarre a alors \u00e9clat\u00e9 entre les protagonistes, tous alcoolis\u00e9s.<\/p>\n<p>Coups de couteau, de b\u00e2ton et de palettes en bois<\/p>\n<p>Dans la rixe, un mineur a ass\u00e9n\u00e9 des coups de b\u00e2ton et de palettes en bois aux deux hommes venus les d\u00e9fier tandis qu\u2019un autre individu, majeur, a port\u00e9 trois coups de couteau \u00e0 l\u2019un de ses rivaux au niveau de l\u2019\u00e9paule et de la clavicule. Le quadrag\u00e9naire a \u00e9t\u00e9 gri\u00e8vement bless\u00e9 et transport\u00e9 \u00e0 l\u2019h\u00f4pital avec un pronostic vital engag\u00e9. Les deux agresseurs pr\u00e9sum\u00e9s ont \u00e9t\u00e9 interpell\u00e9s dans la foul\u00e9e et plac\u00e9s en d\u00e9tention provisoire.<\/p>\n<p>Le majeur sera convoqu\u00e9 devant la justice le 12\u00a0juin et a \u00e9t\u00e9 incarc\u00e9r\u00e9 en parall\u00e8le en ex\u00e9cution d\u2019une peine de trois mois de prison pour inex\u00e9cution d\u2019un travail d\u2019int\u00e9r\u00eat g\u00e9n\u00e9ral. Le mineur est quant \u00e0 lui convoqu\u00e9 <a href=\"https:\/\/www.20minutes.fr\/justice\/3067467-20210624-faut-appreniez-erreurs-comment-juge-mineurs\" class=\"c-link c-link--is-underlined\" rel=\"nofollow noopener\" target=\"_blank\">devant le tribunal pour enfants<\/a> le 5\u00a0mai.<\/p>\n","protected":false},"excerpt":{"rendered":"Il est toujours dans un \u00e9tat grave \u00e0 l\u2019h\u00f4pital m\u00eame s\u2019il s\u2019est stabilis\u00e9 Un homme d\u2019une quarantaine d\u2019ann\u00e9es&hellip;\n","protected":false},"author":2,"featured_media":872989,"comment_status":"","ping_status":"","sticky":false,"template":"","format":"standard","meta":{"footnotes":"","_share_on_mastodon":"0"},"categories":[2821],"tags":[1111,47,11,10737,829,7623,1777,674,118,7641,1011,27,848,12,584,25,5510,4868],"class_list":["post-872988","post","type-post","status-publish","format-standard","has-post-thumbnail","category-rennes","tag-actu","tag-actualite","tag-actualites","tag-bagarre","tag-bretagne","tag-coup-de-couteau","tag-eu","tag-europe","tag-faits-divers","tag-faits-divers-rennes","tag-fr","tag-france","tag-ille-et-vilaine","tag-news","tag-rennes","tag-republique-francaise","tag-rixe","tag-roumanie"],"share_on_mastodon":{"url":"https:\/\/pubeurope.com\/@fr\/116414542649708250","error":""},"_links":{"self":[{"href":"https:\/\/www.europesays.com\/fr\/wp-json\/wp\/v2\/posts\/872988","targetHints":{"allow":["GET"]}}],"collection":[{"href":"https:\/\/www.europesays.com\/fr\/wp-json\/wp\/v2\/posts"}],"about":[{"href":"https:\/\/www.europesays.com\/fr\/wp-json\/wp\/v2\/types\/post"}],"author":[{"embeddable":true,"href":"https:\/\/www.europesays.com\/fr\/wp-json\/wp\/v2\/users\/2"}],"replies":[{"embeddable":true,"href":"https:\/\/www.europesays.com\/fr\/wp-json\/wp\/v2\/comments?post=872988"}],"version-history":[{"count":0,"href":"https:\/\/www.europesays.com\/fr\/wp-json\/wp\/v2\/posts\/872988\/revisions"}],"wp:featuredmedia":[{"embeddable":true,"href":"https:\/\/www.europesays.com\/fr\/wp-json\/wp\/v2\/media\/872989"}],"wp:attachment":[{"href":"https:\/\/www.europesays.com\/fr\/wp-json\/wp\/v2\/media?parent=872988"}],"wp:term":[{"taxonomy":"category","embeddable":true,"href":"https:\/\/www.europesays.com\/fr\/wp-json\/wp\/v2\/categories?post=872988"},{"taxonomy":"post_tag","embeddable":true,"href":"https:\/\/www.europesays.com\/fr\/wp-json\/wp\/v2\/tags?post=872988"}],"curies":[{"name":"wp","href":"https:\/\/api.w.org\/{rel}","templated":true}]}}