{"id":87318,"date":"2025-05-09T17:24:09","date_gmt":"2025-05-09T17:24:09","guid":{"rendered":"https:\/\/www.europesays.com\/fr\/87318\/"},"modified":"2025-05-09T17:24:09","modified_gmt":"2025-05-09T17:24:09","slug":"anouchka-delon-poste-une-rare-photo-de-ses-parents-rosalie-von-breemen-et-alain-delon","status":"publish","type":"post","link":"https:\/\/www.europesays.com\/fr\/87318\/","title":{"rendered":"Anouchka Delon poste une rare photo de ses parents, Rosalie Von Breemen et Alain Delon"},"content":{"rendered":"<p>La jeune femme a rendu ce mercredi 7 avril sur Instagram un hommage intime \u00e0 son p\u00e8re Alain Delon, \u00e0 quelques jours d\u2019une exposition \u00e9v\u00e9nement qui lui est consacr\u00e9e \u00e0 Cannes.<\/p>\n<p class=\"fig-paragraph\"><a href=\"http:\/\/madame.lefigaro.fr\/celebrites\/actu-people\/papa-il-y-a-longtemps-que-je-t-aime-anouchka-delon-revele-le-discours-qu-elle-a-prononce-aux-obseques-de-son-pere-20241104\" data-fig-type=\"Article\" data-gtm-custom-categorie=\"navigation\" data-gtm-custom-action=\"crossclick\" data-gtm-custom-label=\"Contextuel\" data-gtm-event=\"customEventSPE\" data-fig-domain=\"MADAME\" target=\"_blank\" rel=\"noopener\">Disparu il y a neuf mois<\/a>,\u00a0<a href=\"https:\/\/madame.lefigaro.fr\/tag\/alain-delon\" target=\"_blank\" rel=\"noopener\" data-gtm-custom-categorie=\"navigation\" data-gtm-custom-action=\"crossclick\" data-gtm-custom-label=\"Contextuel\" data-gtm-event=\"customEventSPE\">Alain Delon\u00a0<\/a>s\u2019appr\u00eate \u00e0 recevoir un hommage d\u2019ampleur \u00e0 Cannes. Le 78e Festival c\u00e9l\u00e9brera l\u2019ic\u00f4ne du cin\u00e9ma fran\u00e7ais \u00e0 travers une exposition photographique in\u00e9dite, Delon &amp; Elles, consacr\u00e9e \u00e0 ses liens puissants avec les femmes de sa vie. Mais c\u2019est sur Instagram qu\u2019un hommage plus personnel a \u00e9merg\u00e9, sign\u00e9 de sa fille<a href=\"https:\/\/madame.lefigaro.fr\/tag\/anouchka-delon\" target=\"_blank\" rel=\"noopener\" data-gtm-custom-categorie=\"navigation\" data-gtm-custom-action=\"crossclick\" data-gtm-custom-label=\"Contextuel\" data-gtm-event=\"customEventSPE\">\u00a0Anouchka Delon.<\/a><\/p>\n<p class=\"fig-paragraph\">Ce mercredi 7 mai, la jeune femme a publi\u00e9 un clich\u00e9 \u00e9mouvant ou l\u2019on aper\u00e7oit l\u2019acteur Alain Delon enlac\u00e9 par son ancienne compagne, la pr\u00e9sentatrice n\u00e9erlandaise Rosalie Van Breemen avec qui il est rest\u00e9 15 ans de 1987 \u00e0 2002 et qui lui a donn\u00e9 deux enfants, Anouchka Delon (1990) et Alain Fabien Delon (1994). En l\u00e9gende, quelques mots\u00a0: \u00abDelon &amp; Elle, aussi &#8211; Maman &amp; Papa \u2019till the end\u2019\u00bb (jusqu\u2019\u00e0 la fin, NDLR). La photo, dat\u00e9e du 27 mars 2024, a \u00e9t\u00e9 prise cinq mois avant le d\u00e9c\u00e8s de l\u2019acteur, et fait \u00e9cho direct \u00e0 l\u2019exposition cannoise qui ouvrira ses portes le 13 mai. Visible jusqu\u2019au 13 juin sur les murs de La Croisette, cette installation visuelle retracera la carri\u00e8re et la vie priv\u00e9e de l\u2019acteur \u00e0 travers des images rares. \u00abCannes c\u00e9l\u00e8bre Alain Delon, un acteur embl\u00e9matique, un g\u00e9ant sacr\u00e9 du cin\u00e9ma, \u00e0 travers une exposition de photographies exceptionnelles\u00bb souligne David Lisnard, maire de la ville. Un hommage qui ne manque pas de rendre fi\u00e8re la cadette de l\u2019acteur qui avait d\u00e9j\u00e0 partag\u00e9 lundi dernier\u00a0<a href=\"https:\/\/www.instagram.com\/p\/DJR76tQNc67\/\" target=\"_blank\" rel=\"nofollow noopener\" data-gtm-custom-categorie=\"navigation\" data-gtm-custom-action=\"crossclick\" data-gtm-custom-label=\"Contextuel\" data-gtm-event=\"customEventSPE\">l\u2019affiche de l\u2019exposition dans un post Instagram accompagn\u00e9 du hashtag love<\/a>.<\/p>\n<p>Entre conflits et \u00e9v\u00e9nements familiaux<\/p>\n<p class=\"fig-paragraph\">Derri\u00e8re cette image d\u2019unit\u00e9 familiale, la r\u00e9alit\u00e9 est pourtant plus nuanc\u00e9e. Les enfants Delon sont actuellement au c\u0153ur d\u2019un conflit judiciaire. En mars dernier, Anouchka Delon a port\u00e9 plainte contre ses fr\u00e8res, Anthony n\u00e9 de l\u2019union entre la r\u00e9alisatrice Nathalie Delon et son p\u00e8re et\u00a0<a href=\"https:\/\/madame.lefigaro.fr\/tag\/alain-fabien-delon\" target=\"_blank\" rel=\"noopener\" data-gtm-custom-categorie=\"navigation\" data-gtm-custom-action=\"crossclick\" data-gtm-custom-label=\"Contextuel\" data-gtm-event=\"customEventSPE\">Alain-Fabien Delon<\/a>, \u00e0 la suite de la diffusion sur Instagram d\u2019un enregistrement audio priv\u00e9, publi\u00e9 sans son consentement.\u00a0<a href=\"https:\/\/www.closermag.fr\/people\/exclu-anouchka-delon-les-vraies-raisons-du-report-de-son-proces-contre-ses-freres-3537753\" target=\"_blank\" rel=\"nofollow noopener\" data-gtm-custom-categorie=\"navigation\" data-gtm-custom-action=\"crossclick\" data-gtm-custom-label=\"Contextuel\" data-gtm-event=\"customEventSPE\">Dans cet extrait post\u00e9 le 7 janvier 2024<\/a>\u00a0par Alain-Fabien Delon, on entend la voix de leur s\u0153ur d\u00e9clarer \u00e0 son p\u00e8re: \u00abMoi, on est en train de m\u2019enterrer, et toi, on est en train de te prendre pour un d\u00e9bile.\u00bb<\/p>\n<p class=\"fig-paragraph\">Initialement pr\u00e9vu le 10 avril, le proc\u00e8s a \u00e9t\u00e9 report\u00e9 \u00e0 mars 2027 \u00e0 la demande des avocats d\u2019Anouchka. En parall\u00e8le,\u00a0<a href=\"http:\/\/madame.lefigaro.fr\/celebrites\/actu-people\/alain-fabien-delon-est-pere-pour-la-premiere-fois-d-une-petite-fille-baptisee-romy-20250429\" data-fig-type=\"Article\" data-gtm-custom-categorie=\"navigation\" data-gtm-custom-action=\"crossclick\" data-gtm-custom-label=\"Contextuel\" data-gtm-event=\"customEventSPE\" data-fig-domain=\"MADAME\" target=\"_blank\" rel=\"noopener\">Alain-Fabien a r\u00e9cemment accueilli son premier enfant<\/a>, Romy, avec la mannequin Laura Bensadoun,\u00a0<a href=\"http:\/\/madame.lefigaro.fr\/celebrites\/actu-people\/alain-fabien-delon-raconte-sa-rencontre-avec-laura-bensadoun-on-est-alles-boire-un-verre-et-voila-nous-serons-bientot-parents-20250206\" data-fig-type=\"Article\" data-gtm-custom-categorie=\"navigation\" data-gtm-custom-action=\"crossclick\" data-gtm-custom-label=\"Contextuel\" data-gtm-event=\"customEventSPE\" data-fig-domain=\"MADAME\" target=\"_blank\" rel=\"noopener\">rencontr\u00e9e en 2024<\/a>, de quoi l\u2019occuper jusqu\u2019au proc\u00e8s.<\/p>\n<p>                                        <script async src=\"\/\/www.instagram.com\/embed.js\"><\/script><\/p>\n","protected":false},"excerpt":{"rendered":"La jeune femme a rendu ce mercredi 7 avril sur Instagram un hommage intime \u00e0 son p\u00e8re Alain&hellip;\n","protected":false},"author":2,"featured_media":87319,"comment_status":"","ping_status":"","sticky":false,"template":"","format":"standard","meta":{"footnotes":""},"categories":[8],"tags":[976,5960,15944,19718,972,58,59,5634,638,1011,27,977,973,975,974],"class_list":{"0":"post-87318","1":"post","2":"type-post","3":"status-publish","4":"format-standard","5":"has-post-thumbnail","7":"category-divertissement","8":"tag-actu-people","9":"tag-alain-delon","10":"tag-alain-fabien-delon","11":"tag-anouchka-delon","12":"tag-celebrite","13":"tag-divertissement","14":"tag-entertainment","15":"tag-festival-de-cannes","16":"tag-figaro","17":"tag-fr","18":"tag-france","19":"tag-madame","20":"tag-people","21":"tag-potain-de-stars","22":"tag-star"},"share_on_mastodon":{"url":"https:\/\/pubeurope.com\/@fr\/114479042622238038","error":""},"_links":{"self":[{"href":"https:\/\/www.europesays.com\/fr\/wp-json\/wp\/v2\/posts\/87318","targetHints":{"allow":["GET"]}}],"collection":[{"href":"https:\/\/www.europesays.com\/fr\/wp-json\/wp\/v2\/posts"}],"about":[{"href":"https:\/\/www.europesays.com\/fr\/wp-json\/wp\/v2\/types\/post"}],"author":[{"embeddable":true,"href":"https:\/\/www.europesays.com\/fr\/wp-json\/wp\/v2\/users\/2"}],"replies":[{"embeddable":true,"href":"https:\/\/www.europesays.com\/fr\/wp-json\/wp\/v2\/comments?post=87318"}],"version-history":[{"count":0,"href":"https:\/\/www.europesays.com\/fr\/wp-json\/wp\/v2\/posts\/87318\/revisions"}],"wp:featuredmedia":[{"embeddable":true,"href":"https:\/\/www.europesays.com\/fr\/wp-json\/wp\/v2\/media\/87319"}],"wp:attachment":[{"href":"https:\/\/www.europesays.com\/fr\/wp-json\/wp\/v2\/media?parent=87318"}],"wp:term":[{"taxonomy":"category","embeddable":true,"href":"https:\/\/www.europesays.com\/fr\/wp-json\/wp\/v2\/categories?post=87318"},{"taxonomy":"post_tag","embeddable":true,"href":"https:\/\/www.europesays.com\/fr\/wp-json\/wp\/v2\/tags?post=87318"}],"curies":[{"name":"wp","href":"https:\/\/api.w.org\/{rel}","templated":true}]}}