{"id":87328,"date":"2025-05-09T17:29:10","date_gmt":"2025-05-09T17:29:10","guid":{"rendered":"https:\/\/www.europesays.com\/fr\/87328\/"},"modified":"2025-05-09T17:29:10","modified_gmt":"2025-05-09T17:29:10","slug":"la-menace-voilee-disrael-a-la-france-si-elle-reconnait-la-palestine","status":"publish","type":"post","link":"https:\/\/www.europesays.com\/fr\/87328\/","title":{"rendered":"la menace voil\u00e9e d\u2019Isra\u00ebl \u00e0 la France si elle reconna\u00eet la Palestine"},"content":{"rendered":"<p><strong>D\u00c9CRYPTAGE &#8211;<\/strong> L\u2019\u00c9tat h\u00e9breu voudrait \u00e9viter que Paris parvienne \u00e0 entra\u00eener avec elle d\u2019autres pays, comme la Grande-Bretagne et le Canada.<\/p>\n<p class=\"fig-paragraph\">\u00ab\u00a0Si jamais la France reconna\u00eet en juin l\u2019<a href=\"http:\/\/www.lefigaro.fr\/vox\/monde\/reconnaitre-aujourd-hui-l-etat-de-palestine-c-est-faire-fi-des-morts-du-7-octobre-lettre-ouverte-de-103-senateurs-20250415\" data-fig-type=\"Article\" data-gtm-custom-categorie=\"navigation\" data-gtm-custom-action=\"crossclick\" data-gtm-custom-label=\"Contextuel\" data-gtm-event=\"customEventSPE\" data-fig-domain=\"LEFIGARO\" rel=\"nofollow noopener\" target=\"_blank\">\u00c9tat de Palestine<\/a> , nous r\u00e9pondrons en annexant les colonies de Cisjordanie\u00a0\u00bb, confiait en d\u00e9but de semaine au Figaro une source officielle isra\u00e9lienne. Selon elle, une telle reconnaissance, d\u00e9j\u00e0 ent\u00e9rin\u00e9e par plusieurs pays europ\u00e9ens dont l\u2019Espagne et l\u2019Irlande, reviendrait \u00e0 \u00ab\u00a0r\u00e9compenser le terrorisme du Hamas, apr\u00e8s son attaque\u00a0<a href=\"http:\/\/www.lefigaro.fr\/international\/l-armee-qui-n-est-pas-arrivee-tsahal-publie-ses-enquetes-sur-la-defaite-du-7-octobre-20250309\" data-fig-type=\"Article\" data-gtm-custom-categorie=\"navigation\" data-gtm-custom-action=\"crossclick\" data-gtm-custom-label=\"Contextuel\" data-gtm-event=\"customEventSPE\" data-fig-domain=\"LEFIGARO\" rel=\"nofollow noopener\" target=\"_blank\">du 7\u00a0Octobre\u00a0\u00bb.<\/a><\/p>\n<p class=\"fig-paragraph\">\u00c0 Paris, on ne se montre pas surpris par cette menace. \u00ab\u00a0C\u2019est la m\u00e9thode isra\u00e9lienne de n\u00e9gociation habituelle\u00a0\u00bb, r\u00e9pond une source diplomatique. Entre la France et Isra\u00ebl, le bras de fer est donc lanc\u00e9 sur cette question de la reconnaissance de l\u2019\u00c9tat de Palestine qu\u2019<a href=\"http:\/\/www.lefigaro.fr\/actualite-france\/corse-nouvelle-caledonie-emmanuel-macron-empetre-dans-les-differentes-lignes-de-son-gouvernement-20250506\" data-fig-type=\"Article\" data-gtm-custom-categorie=\"navigation\" data-gtm-custom-action=\"crossclick\" data-gtm-custom-label=\"Contextuel\" data-gtm-event=\"customEventSPE\" data-fig-domain=\"LEFIGARO\" rel=\"nofollow noopener\" target=\"_blank\">Emmanuel Macron<\/a>\u00a0pourrait trancher en juin \u00e0 l\u2019ONU \u00e0 New York lors d\u2019une conf\u00e9rence que Paris copr\u00e9sidera avec l\u2019Arabie saoudite.<\/p>\n<p class=\"fig-body-link\">\n            \u00c0 lire aussi<br \/>\n        <a class=\"fig-body-link__link fig-premium-mark\" href=\"http:\/\/www.lefigaro.fr\/international\/pourquoi-emmanuel-macron-hesite-a-reconnaitre-l-etat-de-palestine-20250415\" data-fig-type=\"Article\" data-gtm-custom-categorie=\"navigation\" data-gtm-custom-action=\"crossclick\" data-gtm-custom-label=\"Contextuel\" data-gtm-event=\"customEventSPE\" data-fig-domain=\"LEFIGARO\" rel=\"nofollow noopener\" target=\"_blank\">Pourquoi Emmanuel Macron h\u00e9site \u00e0 reconna\u00eetre l\u2019\u00c9tat de Palestine<br \/>\n    <\/a>\n<\/p>\n<p class=\"fig-paragraph\">\u00ab\u00a0Nous avons d\u00e9j\u00e0 eu \u00e9cho de telles menaces, mais, pour le moment, ce n\u2019est pas la position officiellement annonc\u00e9e du gouvernement isra\u00e9lien\u00a0\u00bb, pr\u00e9cise un autre diplomate. Selon lui, \u00ab\u00a0cela montre\u2026<\/p>\n<p class=\"fig-premium-paywall__infos\">\n        Cet article est r\u00e9serv\u00e9 aux abonn\u00e9s.        Il vous reste 69% \u00e0 d\u00e9couvrir.\n    <\/p>\n<p>                <img  data- alt=\"Le Figaro\" class=\"fig-img--complete fig-img\"\/><\/p>\n<p class=\"fig-premium-paywall__title\">Je m&rsquo;informe, je m&rsquo;inspire, je m&rsquo;abonne.<\/p>\n<p class=\"fig-premium-paywall__subtitle\">D\u00e9couvrez notre offre de bienvenue.<\/p>\n<p class=\"fig-premium-paywall__connect\">\n                D\u00e9j\u00e0 abonn\u00e9\u00a0?                <a class=\"fig-premium-paywall__connect-link\" href=\"https:\/\/connect.lefigaro.fr\/login?client=horizon_web&amp;type=main&amp;redirect_uri=https%3A%2F%2Fwww.lefigaro.fr%2Finternational%2Fnous-repondrons-en-annexant-les-colonies-de-cisjordanie-la-menace-voilee-d-israel-a-la-france-si-elle-reconnait-la-palestine-20250509\" data-js-gtm=\"{&quot;customCategorie&quot;: &quot;conversion&quot;, &quot;customAction&quot;: &quot;before_Landing_Connexion_paywall_auto&quot;, &quot;customLabel&quot;: &quot;bGVmaWdhcm8uZnJfXzFmMDJjY2MwLTk2MGMtNjVjYy1hMzU2LWIxYWYxMTJkMjZjNF9fQXJ0aWNsZQ==_\u00abNous r\u00e9pondrons en annexant les colonies de Cisjordanie\u00bb\u00a0: la menace voil\u00e9e d\u2019Isra\u00ebl \u00e0 la France si elle reconna\u00eet la Palestine_196&quot;, &quot;customIDSPE&quot;: &quot;bGVmaWdhcm8uZnJfXzFmMDJjY2MwLTk2MGMtNjVjYy1hMzU2LWIxYWYxMTJkMjZjNF9fQXJ0aWNsZQ==&quot;, &quot;event&quot;: &quot;customEventSPE&quot;}\" rel=\"nofollow noopener\" target=\"_blank\"><br \/>\n                    Connectez-vous<br \/>\n                <\/a>\n            <\/p>\n","protected":false},"excerpt":{"rendered":"D\u00c9CRYPTAGE &#8211; L\u2019\u00c9tat h\u00e9breu voudrait \u00e9viter que Paris parvienne \u00e0 entra\u00eener avec elle d\u2019autres pays, comme la Grande-Bretagne&hellip;\n","protected":false},"author":2,"featured_media":87329,"comment_status":"","ping_status":"","sticky":false,"template":"","format":"standard","meta":{"footnotes":""},"categories":[2],"tags":[259,11,260,1011,27,14,261,12,3518,262],"class_list":{"0":"post-87328","1":"post","2":"type-post","3":"status-publish","4":"format-standard","5":"has-post-thumbnail","7":"category-actualites","8":"tag-actualite-internationale","9":"tag-actualites","10":"tag-affaires-etrangeres","11":"tag-fr","12":"tag-france","13":"tag-international","14":"tag-ministere-des-affaires-etrangeres","15":"tag-news","16":"tag-palestine","17":"tag-politique-etrangere"},"share_on_mastodon":{"url":"https:\/\/pubeurope.com\/@fr\/114479062236109725","error":""},"_links":{"self":[{"href":"https:\/\/www.europesays.com\/fr\/wp-json\/wp\/v2\/posts\/87328","targetHints":{"allow":["GET"]}}],"collection":[{"href":"https:\/\/www.europesays.com\/fr\/wp-json\/wp\/v2\/posts"}],"about":[{"href":"https:\/\/www.europesays.com\/fr\/wp-json\/wp\/v2\/types\/post"}],"author":[{"embeddable":true,"href":"https:\/\/www.europesays.com\/fr\/wp-json\/wp\/v2\/users\/2"}],"replies":[{"embeddable":true,"href":"https:\/\/www.europesays.com\/fr\/wp-json\/wp\/v2\/comments?post=87328"}],"version-history":[{"count":0,"href":"https:\/\/www.europesays.com\/fr\/wp-json\/wp\/v2\/posts\/87328\/revisions"}],"wp:featuredmedia":[{"embeddable":true,"href":"https:\/\/www.europesays.com\/fr\/wp-json\/wp\/v2\/media\/87329"}],"wp:attachment":[{"href":"https:\/\/www.europesays.com\/fr\/wp-json\/wp\/v2\/media?parent=87328"}],"wp:term":[{"taxonomy":"category","embeddable":true,"href":"https:\/\/www.europesays.com\/fr\/wp-json\/wp\/v2\/categories?post=87328"},{"taxonomy":"post_tag","embeddable":true,"href":"https:\/\/www.europesays.com\/fr\/wp-json\/wp\/v2\/tags?post=87328"}],"curies":[{"name":"wp","href":"https:\/\/api.w.org\/{rel}","templated":true}]}}