{"id":873729,"date":"2026-04-16T20:54:07","date_gmt":"2026-04-16T20:54:07","guid":{"rendered":"https:\/\/www.europesays.com\/fr\/873729\/"},"modified":"2026-04-16T20:54:07","modified_gmt":"2026-04-16T20:54:07","slug":"leurope-appelee-a-renforcer-son-autonomie-de-defense-pour-le-ministre-delegue-francais-charge-de-leurope","status":"publish","type":"post","link":"https:\/\/www.europesays.com\/fr\/873729\/","title":{"rendered":"L\u2019Europe appel\u00e9e \u00e0 renforcer son autonomie de d\u00e9fense, pour le ministre d\u00e9l\u00e9gu\u00e9 fran\u00e7ais charg\u00e9 de l\u2019Europe"},"content":{"rendered":"<p>Ben Amed Azize Zougmore<\/p>\n<p>16 Avril 2026\u2022Mise \u00e0 jour: 16 Avril 2026<\/p>\n<p>Le ministre d\u00e9l\u00e9gu\u00e9 fran\u00e7ais charg\u00e9 de l\u2019Europe, Benjamin Haddad, a appel\u00e9 \u00e0 un renforcement des capacit\u00e9s de d\u00e9fense europ\u00e9ennes, \u00e0 l\u2019issue d\u2019une visite sur le site du groupe MBDA, acteur majeur de l\u2019industrie de d\u00e9fense en Europe.<\/p>\n<p>Dans un message publi\u00e9 jeudi sur la plateforme X, le ministre a mis en avant le r\u00f4le strat\u00e9gique de l\u2019entreprise, soulignant que ses syst\u00e8mes de missiles contribuent \u00e0 la s\u00e9curit\u00e9 de l\u2019Union europ\u00e9enne ainsi qu\u2019au renforcement de la r\u00e9silience de l\u2019Ukraine.<\/p>\n<p>Cette visite s\u2019est d\u00e9roul\u00e9e en pr\u00e9sence de la ministre fran\u00e7aise d\u00e9l\u00e9gu\u00e9e aux Arm\u00e9es et aux Anciens Combattants, Alice Rufo et de Andrius Kubilius, commissaire europ\u00e9en \u00e0 la D\u00e9fense et \u00e0 l&rsquo;Espace, dans un contexte marqu\u00e9 par les d\u00e9fis s\u00e9curitaires croissants sur le continent europ\u00e9en.<\/p>\n<p>Insistant sur la n\u00e9cessit\u00e9 d\u2019une plus grande autonomie strat\u00e9gique, Benjamin Haddad a affirm\u00e9 que \u00ab l\u2019Europe doit assumer sa propre d\u00e9fense \u00bb, plaidant pour un renforcement des financements europ\u00e9ens, une mont\u00e9e en puissance des capacit\u00e9s industrielles et l\u2019instauration d\u2019une pr\u00e9f\u00e9rence europ\u00e9enne claire dans les politiques d\u2019armement.<\/p>\n<p>Le ministre a \u00e9galement \u00e9voqu\u00e9 le programme SAFE, pr\u00e9cisant que 15,09 milliards d\u2019euros destin\u00e9s \u00e0 la France permettront de financer des capacit\u00e9s strat\u00e9giques, notamment dans le domaine des syst\u00e8mes de missiles.<\/p>\n<p>Ces d\u00e9clarations interviennent alors que les pays europ\u00e9ens intensifient leurs efforts pour consolider leur base industrielle et technologique de d\u00e9fense, dans un environnement international marqu\u00e9 par la guerre en Ukraine et les tensions g\u00e9opolitiques persistantes.<\/p>\n","protected":false},"excerpt":{"rendered":"Ben Amed Azize Zougmore 16 Avril 2026\u2022Mise \u00e0 jour: 16 Avril 2026 Le ministre d\u00e9l\u00e9gu\u00e9 fran\u00e7ais charg\u00e9 de&hellip;\n","protected":false},"author":2,"featured_media":873730,"comment_status":"","ping_status":"","sticky":false,"template":"","format":"standard","meta":{"footnotes":"","_share_on_mastodon":"0"},"categories":[1586],"tags":[11,24006,1777,674,1011,27,12,25],"class_list":["post-873729","post","type-post","status-publish","format-standard","has-post-thumbnail","category-europe","tag-actualites","tag-benjamin-haddad","tag-eu","tag-europe","tag-fr","tag-france","tag-news","tag-republique-francaise"],"share_on_mastodon":{"url":"https:\/\/pubeurope.com\/@fr\/116416377265712614","error":""},"_links":{"self":[{"href":"https:\/\/www.europesays.com\/fr\/wp-json\/wp\/v2\/posts\/873729","targetHints":{"allow":["GET"]}}],"collection":[{"href":"https:\/\/www.europesays.com\/fr\/wp-json\/wp\/v2\/posts"}],"about":[{"href":"https:\/\/www.europesays.com\/fr\/wp-json\/wp\/v2\/types\/post"}],"author":[{"embeddable":true,"href":"https:\/\/www.europesays.com\/fr\/wp-json\/wp\/v2\/users\/2"}],"replies":[{"embeddable":true,"href":"https:\/\/www.europesays.com\/fr\/wp-json\/wp\/v2\/comments?post=873729"}],"version-history":[{"count":0,"href":"https:\/\/www.europesays.com\/fr\/wp-json\/wp\/v2\/posts\/873729\/revisions"}],"wp:featuredmedia":[{"embeddable":true,"href":"https:\/\/www.europesays.com\/fr\/wp-json\/wp\/v2\/media\/873730"}],"wp:attachment":[{"href":"https:\/\/www.europesays.com\/fr\/wp-json\/wp\/v2\/media?parent=873729"}],"wp:term":[{"taxonomy":"category","embeddable":true,"href":"https:\/\/www.europesays.com\/fr\/wp-json\/wp\/v2\/categories?post=873729"},{"taxonomy":"post_tag","embeddable":true,"href":"https:\/\/www.europesays.com\/fr\/wp-json\/wp\/v2\/tags?post=873729"}],"curies":[{"name":"wp","href":"https:\/\/api.w.org\/{rel}","templated":true}]}}