{"id":87395,"date":"2025-05-09T18:08:09","date_gmt":"2025-05-09T18:08:09","guid":{"rendered":"https:\/\/www.europesays.com\/fr\/87395\/"},"modified":"2025-05-09T18:08:09","modified_gmt":"2025-05-09T18:08:09","slug":"paris-ces-cinemas-independants-pointes-du-doigt-pour-leur-programmation-trop-restreinte","status":"publish","type":"post","link":"https:\/\/www.europesays.com\/fr\/87395\/","title":{"rendered":"Paris\u00a0: ces cin\u00e9mas ind\u00e9pendants point\u00e9s du doigt pour leur programmation \u00ab\u00a0trop restreinte\u00a0\u00bb"},"content":{"rendered":"<p class=\"paragraph text_align_left\">Des cin\u00e9mas qui ne projettent pas assez de films. C\u2019est le reproche fait \u00e0 deux des<a href=\"https:\/\/www.leparisien.fr\/paris-75\/cest-une-premiere-en-france-comment-la-ville-de-paris-veut-proteger-les-cinemas-independants-13-12-2024-IYFTXKJNMZE3NCIJMPWQSINERM.php#:~:text=Pr%C3%A8s%20de%20400%20salles%20obscures,plus%20forte%20densit%C3%A9%20de%20cin%C3%A9mas.\" target=\"_blank\" rel=\"nofollow noopener\"> 29 \u00e9tablissements ind\u00e9pendants<\/a> de la capitale par l\u2019\u00e9lue \u00e9cologiste Corinne Faugeron. Alors que la Ville demandait au Conseil de Paris de voter pr\u00e8s de 900\u00a0000\u00a0euros de subvention \u00e0 ces petites salles diss\u00e9min\u00e9es dans toute la capitale, l\u2019\u00e9lue de Paris Centre a braqu\u00e9 les projecteurs sur deux \u00e9tablissements parisiens\u00a0: le Studio Galande dans le Ve et le Club de l\u2019\u00c9toile dans le XVIIe.<\/p>\n<p class=\"paragraph text_align_left\">\u00ab\u00a0Fi\u00e8re que Paris soit la premi\u00e8re ville europ\u00e9enne du cin\u00e9ma par le nombre de salles qui y existent\u00a0\u00bb, Corinne Faugeron reproche toutefois \u00e0 ces deux salles de ne pas avoir assez de films \u00e0 leurs programmations et de \u00ab\u00a0ne pas remplir leurs fonctions\u00a0\u00bb.<\/p>\n","protected":false},"excerpt":{"rendered":"Des cin\u00e9mas qui ne projettent pas assez de films. C\u2019est le reproche fait \u00e0 deux des 29 \u00e9tablissements&hellip;\n","protected":false},"author":2,"featured_media":87396,"comment_status":"","ping_status":"","sticky":false,"template":"","format":"standard","meta":{"footnotes":""},"categories":[1888],"tags":[11,1777,674,1011,27,1944,12,626,25],"class_list":{"0":"post-87395","1":"post","2":"type-post","3":"status-publish","4":"format-standard","5":"has-post-thumbnail","7":"category-paris","8":"tag-actualites","9":"tag-eu","10":"tag-europe","11":"tag-fr","12":"tag-france","13":"tag-ma-ville","14":"tag-news","15":"tag-paris","16":"tag-republique-francaise"},"share_on_mastodon":{"url":"https:\/\/pubeurope.com\/@fr\/114479215639811641","error":""},"_links":{"self":[{"href":"https:\/\/www.europesays.com\/fr\/wp-json\/wp\/v2\/posts\/87395","targetHints":{"allow":["GET"]}}],"collection":[{"href":"https:\/\/www.europesays.com\/fr\/wp-json\/wp\/v2\/posts"}],"about":[{"href":"https:\/\/www.europesays.com\/fr\/wp-json\/wp\/v2\/types\/post"}],"author":[{"embeddable":true,"href":"https:\/\/www.europesays.com\/fr\/wp-json\/wp\/v2\/users\/2"}],"replies":[{"embeddable":true,"href":"https:\/\/www.europesays.com\/fr\/wp-json\/wp\/v2\/comments?post=87395"}],"version-history":[{"count":0,"href":"https:\/\/www.europesays.com\/fr\/wp-json\/wp\/v2\/posts\/87395\/revisions"}],"wp:featuredmedia":[{"embeddable":true,"href":"https:\/\/www.europesays.com\/fr\/wp-json\/wp\/v2\/media\/87396"}],"wp:attachment":[{"href":"https:\/\/www.europesays.com\/fr\/wp-json\/wp\/v2\/media?parent=87395"}],"wp:term":[{"taxonomy":"category","embeddable":true,"href":"https:\/\/www.europesays.com\/fr\/wp-json\/wp\/v2\/categories?post=87395"},{"taxonomy":"post_tag","embeddable":true,"href":"https:\/\/www.europesays.com\/fr\/wp-json\/wp\/v2\/tags?post=87395"}],"curies":[{"name":"wp","href":"https:\/\/api.w.org\/{rel}","templated":true}]}}