{"id":87401,"date":"2025-05-09T18:11:12","date_gmt":"2025-05-09T18:11:12","guid":{"rendered":"https:\/\/www.europesays.com\/fr\/87401\/"},"modified":"2025-05-09T18:11:12","modified_gmt":"2025-05-09T18:11:12","slug":"nouvelle-breve-panne-de-communications-aeriennes-affectant-laeroport-de-newark","status":"publish","type":"post","link":"https:\/\/www.europesays.com\/fr\/87401\/","title":{"rendered":"nouvelle br\u00e8ve panne de communications a\u00e9riennes affectant l&rsquo;a\u00e9roport de Newark"},"content":{"rendered":"<p class=\"fig-paragraph\">Le r\u00e9gulateur am\u00e9ricain de l&rsquo;aviation civile (FAA) a indiqu\u00e9 vendredi qu&rsquo;une nouvelle coupure des communications \u00e9tait survenue dans la nuit de jeudi \u00e0 vendredi au centre de contr\u00f4le g\u00e9rant les vols en approche de l&rsquo;<a href=\"http:\/\/www.lefigaro.fr\/conjoncture\/un-boeing-de-fedex-avec-un-reacteur-en-feu-contraint-d-atterrir-en-urgence-a-l-aeroport-de-newark-20250301\" data-fig-type=\"NewsFlash\" data-gtm-custom-categorie=\"navigation\" data-gtm-custom-action=\"crossclick\" data-gtm-custom-label=\"Contextuel\" data-gtm-event=\"customEventSPE\" data-fig-domain=\"LEFIGARO\" target=\"_blank\" rel=\"noopener\">a\u00e9roport de Newark<\/a>\u00a0(New Jersey), pr\u00e8s de New York. \u00abIl y a eu une panne au niveau des t\u00e9l\u00e9communications qui a affect\u00e9 les communications et les \u00e9crans radar du centre TRACON de Philadelphie\u00bb, qui g\u00e8re les vols \u00e0 l&rsquo;arriv\u00e9e et au d\u00e9part de Newark, situ\u00e9 \u00e0 160 km au nord-est, a expliqu\u00e9 la FAA, pr\u00e9cisant que l&rsquo;interruption avait dur\u00e9 environ 90 secondes. Une panne similaire s\u2019est produite le 28 avril dans cet a\u00e9roport, l\u2019un des trois principaux desservant New York et l\u2019un des plus fr\u00e9quent\u00e9s des \u00c9tats-Unis, mais aucun d\u00e9tail pr\u00e9cis n\u2019a \u00e9t\u00e9 fourni par les autorit\u00e9s.<\/p>\n<p class=\"fig-paragraph\">La FAA a seulement fait r\u00e9f\u00e9rence mercredi \u00e0 des \u00abprobl\u00e8mes d\u2019effectifs et technologiques\u00bb au centre de contr\u00f4le de Philadelphie, qui envoie des donn\u00e9es \u00e0 la tour de contr\u00f4le de Newark lorsqu\u2019elle prend le relais pour les approches finales et des d\u00e9collages. L\u2019administration Trump a pr\u00e9sent\u00e9 jeudi \u00e0 Washington un plan de \u00abmodernisation compl\u00e8te\u00bb du syst\u00e8me de contr\u00f4le a\u00e9rien (ATC) des \u00c9tats-Unis, dont certains \u00e9quipements datent des ann\u00e9es 1960 ou utilisent encore des disquettes. Outre la \u00abreconstruction de certaines tours de contr\u00f4le\u00bb, le projet &#8211; dont aucun d\u00e9tail financier n\u2019a \u00e9t\u00e9 pr\u00e9cis\u00e9 &#8211; pr\u00e9voit que \u00abtout ce qui contr\u00f4le l\u2019espace a\u00e9rien sera flambant neuf\u00bb, a assur\u00e9 jeudi Sean Duffy, ministre des Transports.<\/p>\n<p class=\"fig-paragraph\">Il a promis un syst\u00e8me \u00abde pointe\u00bb, avec en particulier le d\u00e9ploiement de la fibre optique pour les t\u00e9l\u00e9communications en remplacement de c\u00e2bles en cuivre ainsi que des nouveaux radars et capteurs dans les tours et sur les tarmacs. Le projet comprend quatre p\u00f4les, avec un calendrier pr\u00e9cis pour chacun: communications, surveillance, automatisation et infrastructures. Il doit \u00eatre achev\u00e9 en 2028. Les probl\u00e8mes du trafic a\u00e9rien aux \u00c9tats-Unis ne sont pas nouveaux tant au niveau de l\u2019infrastructure que du manque de main-d\u2019\u0153uvre, amplifi\u00e9 par la pand\u00e9mie de Covid-19. Une collision le 29 janvier entre un avion de ligne en approche finale de l\u2019a\u00e9roport Ronald-Reagan de Washington et un h\u00e9licopt\u00e8re militaire Sikorsky Black Hawk, qui a fait 67 morts au total, a remis la probl\u00e9matique sur le devant de la sc\u00e8ne.<\/p>\n","protected":false},"excerpt":{"rendered":"Le r\u00e9gulateur am\u00e9ricain de l&rsquo;aviation civile (FAA) a indiqu\u00e9 vendredi qu&rsquo;une nouvelle coupure des communications \u00e9tait survenue dans&hellip;\n","protected":false},"author":2,"featured_media":87402,"comment_status":"","ping_status":"","sticky":false,"template":"","format":"standard","meta":{"footnotes":""},"categories":[1589],"tags":[1111,47,11,663,1117,1109,1112,636,341,257,73,1866,632,1108,107,1106,1107,1119,1116,1110,1114,500,19732,12,1113,10899,1118,137,401,1115,1864,1865,1863,308],"class_list":{"0":"post-87401","1":"post","2":"type-post","3":"status-publish","4":"format-standard","5":"has-post-thumbnail","7":"category-etats-unis","8":"tag-actu","9":"tag-actualite","10":"tag-actualites","11":"tag-aeroport","12":"tag-assurance","13":"tag-breves","14":"tag-depeches","15":"tag-devises","16":"tag-emploi","17":"tag-entreprise","18":"tag-etats-unis","19":"tag-etats-unis-damerique","20":"tag-fcp","21":"tag-fil","22":"tag-fil-info","23":"tag-flash","24":"tag-flash-actu","25":"tag-formation","26":"tag-immobilier","27":"tag-informations","28":"tag-infos","29":"tag-medias","30":"tag-newark","31":"tag-news","32":"tag-nouvelles","33":"tag-panne","34":"tag-placement","35":"tag-retraite","36":"tag-sicav","37":"tag-taux","38":"tag-united-states","39":"tag-united-states-of-america","40":"tag-us","41":"tag-usa"},"share_on_mastodon":{"url":"https:\/\/pubeurope.com\/@fr\/114479227397534892","error":""},"_links":{"self":[{"href":"https:\/\/www.europesays.com\/fr\/wp-json\/wp\/v2\/posts\/87401","targetHints":{"allow":["GET"]}}],"collection":[{"href":"https:\/\/www.europesays.com\/fr\/wp-json\/wp\/v2\/posts"}],"about":[{"href":"https:\/\/www.europesays.com\/fr\/wp-json\/wp\/v2\/types\/post"}],"author":[{"embeddable":true,"href":"https:\/\/www.europesays.com\/fr\/wp-json\/wp\/v2\/users\/2"}],"replies":[{"embeddable":true,"href":"https:\/\/www.europesays.com\/fr\/wp-json\/wp\/v2\/comments?post=87401"}],"version-history":[{"count":0,"href":"https:\/\/www.europesays.com\/fr\/wp-json\/wp\/v2\/posts\/87401\/revisions"}],"wp:featuredmedia":[{"embeddable":true,"href":"https:\/\/www.europesays.com\/fr\/wp-json\/wp\/v2\/media\/87402"}],"wp:attachment":[{"href":"https:\/\/www.europesays.com\/fr\/wp-json\/wp\/v2\/media?parent=87401"}],"wp:term":[{"taxonomy":"category","embeddable":true,"href":"https:\/\/www.europesays.com\/fr\/wp-json\/wp\/v2\/categories?post=87401"},{"taxonomy":"post_tag","embeddable":true,"href":"https:\/\/www.europesays.com\/fr\/wp-json\/wp\/v2\/tags?post=87401"}],"curies":[{"name":"wp","href":"https:\/\/api.w.org\/{rel}","templated":true}]}}