{"id":87411,"date":"2025-05-09T18:16:11","date_gmt":"2025-05-09T18:16:11","guid":{"rendered":"https:\/\/www.europesays.com\/fr\/87411\/"},"modified":"2025-05-09T18:16:11","modified_gmt":"2025-05-09T18:16:11","slug":"chers-collegues-nasser-al-khelaifi-invite-tous-les-salaries-du-psg-a-la-finale-de-ligue-des-champions","status":"publish","type":"post","link":"https:\/\/www.europesays.com\/fr\/87411\/","title":{"rendered":"\u00ab Chers coll\u00e8gues \u00bb : Nasser Al-Khela\u00effi invite tous les salari\u00e9s du PSG \u00e0 la finale de Ligue des champions"},"content":{"rendered":"<p class=\"paragraph text_align_left\">Tous unis pour la victoire. C\u2019est en rang serr\u00e9 que le <a href=\"https:\/\/www.leparisien.fr\/sports\/football\/psg\/\" target=\"_blank\" rel=\"nofollow noopener\">PSG<\/a> se pr\u00e9sentera \u00e0 Munich pour la finale de la <a href=\"https:\/\/www.leparisien.fr\/sports\/football\/ligue-des-champions\/\" target=\"_blank\" rel=\"nofollow noopener\">Ligue des champions<\/a> contre l\u2019Inter Milan le 31 mai. Dans un message interne adress\u00e9 aux salari\u00e9s du PSG, Nasser Al-Khela\u00effi a annonc\u00e9 que \u00ab l\u2019ensemble de notre personnel aura la possibilit\u00e9 d\u2019\u00eatre aux c\u00f4t\u00e9s de notre \u00e9quipe pour cette mission finale \u00e0 Munich \u00bb.<\/p>\n<p class=\"lp-f-ui-06 bet-widget_legal-notices lp-color-text-muted lp-mb-07\">LES JEUX D&rsquo;ARGENT ET DE HASARD PEUVENT \u00caTRE DANGEREUX : PERTES D&rsquo;ARGENT, CONFLITS FAMILIAUX, ADDICTION\u2026 RETROUVEZ NOS CONSEILS SUR <a href=\"https:\/\/joueurs-info-service.fr\/\" class=\"lp-color-text-muted\" rel=\"nofollow noopener\" target=\"_blank\">JOUEURS-INFO-SERVICE.FR<\/a> (09 74 75 13 13 &#8211; APPEL NON SURTAX\u00c9)<\/p>\n<p class=\"paragraph text_align_left\">Le patron du PSG insiste sur la notion d\u2019unit\u00e9 : \u00ab La philosophie et le succ\u00e8s de notre Club reposent sur la force de nos efforts collectifs &#8211; des joueurs sur le terrain, \u00e0 notre staff technique, en passant par toutes les \u00e9quipes de chaque d\u00e9partement du Paris Saint-Germain. Nous sommes \u00e9galement fiers d\u2019\u00eatre une seule et m\u00eame famille &#8211; la famille du Paris Saint-Germain &#8211; repr\u00e9sentant avec fiert\u00e9 Paris et la France sur la plus grande sc\u00e8ne internationale \u00bb.<\/p>\n<p><img decoding=\"async\" class=\"image \" loading=\"lazy\" src=\"https:\/\/www.europesays.com\/fr\/wp-content\/uploads\/2025\/05\/FXN6M2WM2NATZA3B5EKPQSK7MY.jpg\" alt=\"Le courrier du PSG. DR\" align=\"\" data-rubrique-principale=\"\" data-article-type=\"\" fetchpriority=\"auto\"\/>Le courrier du PSG. DR<\/p>\n<p class=\"paragraph text_align_left\">Pour <a href=\"https:\/\/www.leparisien.fr\/sports\/football\/ligue-des-champions\/psg-inter-milan-a-force-dy-croire-les-parisiens-tracent-leur-route-vers-letoile-09-05-2025-DJ7FMKOTIFAXBNM74QUQ2LXVNU.php\" target=\"_blank\" rel=\"nofollow noopener\">aider l\u2019\u00e9quipe a remport\u00e9 sa premi\u00e8re Ligue des champions<\/a>, la deuxi\u00e8me pour la France apr\u00e8s l\u2019OM en 1993. Nasser Al-Khela\u00effi rappelle \u00ab qu\u2019il reste une derni\u00e8re \u00e9tape majeure \u00e0 franchir \u00e0 Munich &#8211; une \u00e9tape qui exigera de nous une concentration totale, une d\u00e9termination sans faille et une unit\u00e9 absolue. \u00bb<\/p>\n","protected":false},"excerpt":{"rendered":"Tous unis pour la victoire. C\u2019est en rang serr\u00e9 que le PSG se pr\u00e9sentera \u00e0 Munich pour la&hellip;\n","protected":false},"author":2,"featured_media":87412,"comment_status":"","ping_status":"","sticky":false,"template":"","format":"standard","meta":{"footnotes":""},"categories":[2],"tags":[11,63,1011,27,447,12,25,60],"class_list":{"0":"post-87411","1":"post","2":"type-post","3":"status-publish","4":"format-standard","5":"has-post-thumbnail","7":"category-actualites","8":"tag-actualites","9":"tag-football","10":"tag-fr","11":"tag-france","12":"tag-ligue-des-champions","13":"tag-news","14":"tag-republique-francaise","15":"tag-sports"},"share_on_mastodon":{"url":"https:\/\/pubeurope.com\/@fr\/114479247087327745","error":""},"_links":{"self":[{"href":"https:\/\/www.europesays.com\/fr\/wp-json\/wp\/v2\/posts\/87411","targetHints":{"allow":["GET"]}}],"collection":[{"href":"https:\/\/www.europesays.com\/fr\/wp-json\/wp\/v2\/posts"}],"about":[{"href":"https:\/\/www.europesays.com\/fr\/wp-json\/wp\/v2\/types\/post"}],"author":[{"embeddable":true,"href":"https:\/\/www.europesays.com\/fr\/wp-json\/wp\/v2\/users\/2"}],"replies":[{"embeddable":true,"href":"https:\/\/www.europesays.com\/fr\/wp-json\/wp\/v2\/comments?post=87411"}],"version-history":[{"count":0,"href":"https:\/\/www.europesays.com\/fr\/wp-json\/wp\/v2\/posts\/87411\/revisions"}],"wp:featuredmedia":[{"embeddable":true,"href":"https:\/\/www.europesays.com\/fr\/wp-json\/wp\/v2\/media\/87412"}],"wp:attachment":[{"href":"https:\/\/www.europesays.com\/fr\/wp-json\/wp\/v2\/media?parent=87411"}],"wp:term":[{"taxonomy":"category","embeddable":true,"href":"https:\/\/www.europesays.com\/fr\/wp-json\/wp\/v2\/categories?post=87411"},{"taxonomy":"post_tag","embeddable":true,"href":"https:\/\/www.europesays.com\/fr\/wp-json\/wp\/v2\/tags?post=87411"}],"curies":[{"name":"wp","href":"https:\/\/api.w.org\/{rel}","templated":true}]}}