{"id":87424,"date":"2025-05-09T18:25:09","date_gmt":"2025-05-09T18:25:09","guid":{"rendered":"https:\/\/www.europesays.com\/fr\/87424\/"},"modified":"2025-05-09T18:25:09","modified_gmt":"2025-05-09T18:25:09","slug":"colapinto-prefere-a-doohan-chez-alpine-malgre-un-accident-en-essais","status":"publish","type":"post","link":"https:\/\/www.europesays.com\/fr\/87424\/","title":{"rendered":"Colapinto pr\u00e9f\u00e9r\u00e9 \u00e0 Doohan chez Alpine malgr\u00e9 un accident en essais ?"},"content":{"rendered":"<p>Selon Karun Chandhok, analyste pour Sky Sports F1, Franco Colapinto a \u00e9t\u00e9 choisi pour disputer les prochaines courses avec Alpine malgr\u00e9 un incident survenu lors d\u2019essais priv\u00e9s men\u00e9s avec l\u2019\u00e9curie fran\u00e7aise. Cette r\u00e9v\u00e9lation a \u00e9t\u00e9 faite dans le cadre du podcast de la cha\u00eene britannique.<\/p>\n<p>La semaine a \u00e9t\u00e9 particuli\u00e8rement mouvement\u00e9e pour Alpine. Peu apr\u00e8s le Grand Prix de Miami, Jack Doohan a \u00e9t\u00e9 inform\u00e9 qu\u2019il serait \u00e9cart\u00e9 au profit de Colapinto pour les cinq prochaines manches du championnat, avant une r\u00e9\u00e9valuation pr\u00e9vue \u00e0 l\u2019approche du Grand Prix de Grande-Bretagne.<\/p>\n<p>Ces d\u00e9clarations laissent entendre que la d\u00e9cision de titulariser <a href=\"https:\/\/f1only.fr\/franco-colapinto-volant-alpine-zandvoort\/\" target=\"_blank\" rel=\"noopener\">Colapinto<\/a> aurait \u00e9t\u00e9 prise en d\u00e9pit de son accident en essais, un choix qui pourrait alimenter les interrogations sur la strat\u00e9gie actuelle de l\u2019\u00e9curie d\u2019Enstone.<\/p>\n<p>\u00ab C\u2019est exact. Ils ont effectu\u00e9 des essais au Qatar et \u00e0 Monza. Je pense qu\u2019il a eu un accident ou une sortie de piste lors de ces essais \u00bb, a d\u00e9clar\u00e9 Chandhok. \u00ab Colapinto est un bon pilote, mais nous n\u2019avons vu qu\u2019un petit aper\u00e7u. Il est difficile de juger en si peu de temps. \u00bb<\/p>\n<p>\u00ab En Am\u00e9rique du Sud, il y a eu beaucoup de battage m\u00e9diatique autour de lui, qui le pr\u00e9sentait comme leur prochain champion du monde. Cela aurait \u00e9t\u00e9 une erreur de le promouvoir au poste de pilote Red Bull. Il y avait une rumeur. Cela aurait \u00e9t\u00e9 beaucoup trop t\u00f4t. Il ne fait aucun doute que les d\u00e9g\u00e2ts caus\u00e9s par son accident chez Williams n\u2019\u00e9taient pas n\u00e9gligeables. Williams \u00e9tait tr\u00e8s m\u00e9content de celui de Las Vegas. \u00bb<\/p>\n<p>Franco Colapinto avait marqu\u00e9 les esprits lors de ses d\u00e9buts en Formule 1 l\u2019an dernier, lorsqu\u2019il avait bri\u00e8vement remplac\u00e9 Logan Sargeant chez Williams en cours de saison. Ses performances prometteuses l\u2019avaient alors plac\u00e9 dans les radars de plusieurs \u00e9curies, dont Red Bull, en raison des difficult\u00e9s rencontr\u00e9es par Sergio Perez.<\/p>\n<p>Finalement, c\u2019est Alpine qui a choisi de l\u2019int\u00e9grer \u00e0 son programme en tant que pilote de r\u00e9serve, malgr\u00e9 l\u2019officialisation pr\u00e9alable du duo Jack <a href=\"https:\/\/f1only.fr\/sondage-alpine-remplacer-doohan-colapinto\/\" target=\"_blank\" rel=\"noopener\">Doohan<\/a> \u2013 Pierre Gasly pour la saison 2025.<\/p>\n<p>D\u00e8s cet hiver, des sp\u00e9culations avaient d\u00e9j\u00e0 \u00e9merg\u00e9 quant \u00e0 un \u00e9ventuel remplacement de Doohan par Colapinto, avant m\u00eame le coup d\u2019envoi de la saison.<\/p>\n","protected":false},"excerpt":{"rendered":"Selon Karun Chandhok, analyste pour Sky Sports F1, Franco Colapinto a \u00e9t\u00e9 choisi pour disputer les prochaines courses&hellip;\n","protected":false},"author":2,"featured_media":87425,"comment_status":"","ping_status":"","sticky":false,"template":"","format":"standard","meta":{"footnotes":""},"categories":[1412],"tags":[5080,5081,2674,5082,19733,1451,5083,5084,5085,5086,5087,5088,1452,1453,1454,1455,1011,27,18196,2252,5089,5090,2255,60,5091,3030,2771],"class_list":{"0":"post-87424","1":"post","2":"type-post","3":"status-publish","4":"format-standard","5":"has-post-thumbnail","7":"category-f1","8":"tag-actualites-f1","9":"tag-actuf1","10":"tag-alpine","11":"tag-alpine-f1","12":"tag-colapinto","13":"tag-f1","14":"tag-f1-actu","15":"tag-f1-direct","16":"tag-f1-live","17":"tag-f1-news","18":"tag-f1news","19":"tag-fia","20":"tag-formula-1","21":"tag-formula1","22":"tag-formule-1","23":"tag-formule1","24":"tag-fr","25":"tag-france","26":"tag-franco-colapinto","27":"tag-jack-doohan","28":"tag-news-f1","29":"tag-newsf1","30":"tag-red-bull","31":"tag-sports","32":"tag-tip","33":"tag-top","34":"tag-williams"},"share_on_mastodon":{"url":"https:\/\/pubeurope.com\/@fr\/114479282650183909","error":""},"_links":{"self":[{"href":"https:\/\/www.europesays.com\/fr\/wp-json\/wp\/v2\/posts\/87424","targetHints":{"allow":["GET"]}}],"collection":[{"href":"https:\/\/www.europesays.com\/fr\/wp-json\/wp\/v2\/posts"}],"about":[{"href":"https:\/\/www.europesays.com\/fr\/wp-json\/wp\/v2\/types\/post"}],"author":[{"embeddable":true,"href":"https:\/\/www.europesays.com\/fr\/wp-json\/wp\/v2\/users\/2"}],"replies":[{"embeddable":true,"href":"https:\/\/www.europesays.com\/fr\/wp-json\/wp\/v2\/comments?post=87424"}],"version-history":[{"count":0,"href":"https:\/\/www.europesays.com\/fr\/wp-json\/wp\/v2\/posts\/87424\/revisions"}],"wp:featuredmedia":[{"embeddable":true,"href":"https:\/\/www.europesays.com\/fr\/wp-json\/wp\/v2\/media\/87425"}],"wp:attachment":[{"href":"https:\/\/www.europesays.com\/fr\/wp-json\/wp\/v2\/media?parent=87424"}],"wp:term":[{"taxonomy":"category","embeddable":true,"href":"https:\/\/www.europesays.com\/fr\/wp-json\/wp\/v2\/categories?post=87424"},{"taxonomy":"post_tag","embeddable":true,"href":"https:\/\/www.europesays.com\/fr\/wp-json\/wp\/v2\/tags?post=87424"}],"curies":[{"name":"wp","href":"https:\/\/api.w.org\/{rel}","templated":true}]}}