{"id":874327,"date":"2026-04-17T03:38:25","date_gmt":"2026-04-17T03:38:25","guid":{"rendered":"https:\/\/www.europesays.com\/fr\/874327\/"},"modified":"2026-04-17T03:38:25","modified_gmt":"2026-04-17T03:38:25","slug":"qui-etait-eric-robic-lhomme-daffaires-connu-pour-escroquerie-abattu-en-pleine-rue-a-neuilly-sur-seine","status":"publish","type":"post","link":"https:\/\/www.europesays.com\/fr\/874327\/","title":{"rendered":"Qui \u00e9tait \u00c9ric Robic, l&rsquo;homme d&rsquo;affaires connu pour escroquerie abattu en pleine rue \u00e0 Neuilly-sur-Seine ?"},"content":{"rendered":"<p class=\"article-p mdl\">\u00c9ric Robic, 51 ans, a \u00e9t\u00e9 tu\u00e9 par balles ce jeudi 16 avril \u00e0 Neuilly-sur-Seine, pr\u00e8s de Paris. Selon les premiers \u00e9l\u00e9ments, cet homme d\u2019affaires au lourd pass\u00e9 judiciaire promenait son chien au pied de son immeuble lorsqu\u2019il a \u00e9t\u00e9 vis\u00e9 par plusieurs tirs. Deux hommes, habill\u00e9s en noir et casqu\u00e9s, ont ensuite\u00a0<a class=\"link\" href=\"https:\/\/www.rtl.fr\/actu\/justice-faits-divers\/assassinat-a-neuilly-sur-seine-un-homme-d-affaires-connu-pour-escroquerie-abattu-en-pleine-rue-7900624495\" title=\"Assassinat \u00e0 Neuilly-sur-Seine : l&#039;homme d&#039;affaires \u00c9ric Robic, connu pour escroquerie, abattu en pleine rue\" rel=\"nofollow noopener\" target=\"_blank\">pris la fuite \u00e0 scooter.<\/a><\/p>\n<p class=\"article-p mdl\">L\u2019attaque s\u2019est d\u00e9roul\u00e9e en quelques secondes, en pleine rue. Un t\u00e9moin raconte avoir vu les tireurs surgir, abattre la victime puis repartir imm\u00e9diatement. \u00ab\u00a0Ils \u00e9taient cach\u00e9s, ils sont venus \u00e0 son niveau, ils l&rsquo;ont abattu. J&rsquo;ai juste vu la personne repartir avec le pistolet dans la main. Mais comme ils \u00e9taient casqu\u00e9s, tout en noir, on voit rien\u00a0\u00bb, explique-t-il avant d&rsquo;ajouter : \u00ab\u00a0J&rsquo;ai gard\u00e9 mon sang-froid, je suis parti voir la personne, voir dans quel \u00e9tat elle \u00e9tait. Elle bougeait plus au sol, puis le sang commen\u00e7ait \u00e0 sortir de sa t\u00eate.\u00a0\u00bb<\/p>\n<p class=\"article-p mdl\">L\u2019enqu\u00eate a \u00e9t\u00e9 confi\u00e9e \u00e0 la brigade criminelle de la police judiciaire de Paris. Le mobile de son assassinat reste inconnu. Les enqu\u00eateurs cherchent d\u00e9sormais \u00e0 savoir si cette ex\u00e9cution est li\u00e9e \u00e0 son pass\u00e9 judiciaire.\u00a0<\/p>\n<p>            12 condamnations dans son casier judiciaire<\/p>\n<p class=\"article-p mdl\">Derri\u00e8re cet assassinat, c\u2019est le pass\u00e9 particuli\u00e8rement charg\u00e9 d\u2019\u00c9ric Robic qui refait surface. L\u2019homme d\u2019affaires de 51 ans \u00e9tait en effet loin d\u2019\u00eatre inconnu des services de police et de la justice. Son casier judiciaire comptait douze condamnations, signe d\u2019un parcours marqu\u00e9 de longue date par des d\u00e9m\u00eal\u00e9s r\u00e9p\u00e9t\u00e9s avec la justice.\u00a0<\/p>\n<p class=\"article-p mdl\">Sa condamnation la plus r\u00e9cente remontait \u00e0 2024 : il avait alors \u00e9t\u00e9 reconnu coupable dans une affaire d\u2019escroquerie internationale portant sur pr\u00e8s d\u2019un million d\u2019euros. Selon les \u00e9l\u00e9ments de l\u2019enqu\u00eate, ce dossier reposait sur un syst\u00e8me d\u2019achat de v\u00e9hicules via des soci\u00e9t\u00e9s \u00e9crans, utilis\u00e9 pour dissimuler les op\u00e9rations frauduleuses.<\/p>\n<p>            Coupable d&rsquo;homicide involontaire aggrav\u00e9<\/p>\n<p class=\"article-p mdl\">Mais le nom d\u2019\u00c9ric Robic reste surtout associ\u00e9 \u00e0 une affaire bien plus ancienne, qui avait provoqu\u00e9 une vive \u00e9motion en Isra\u00ebl et pris une dimension diplomatique. En 2011, alors qu\u2019il se trouvait \u00e0 Tel-Aviv, il avait renvers\u00e9 mortellement une jeune Isra\u00e9lienne de 25 ans qui traversait sur un passage pi\u00e9ton. Les faits s\u2019\u00e9taient produits alors qu\u2019il conduisait en \u00e9tat d\u2019\u00e9bri\u00e9t\u00e9. Apr\u00e8s l\u2019accident, il avait pris la fuite avant de quitter Isra\u00ebl pour regagner la France.\u00a0<\/p>\n<p class=\"article-p mdl\">Ce drame avait suscit\u00e9 une forte indignation, d\u2019autant que son d\u00e9part du territoire isra\u00e9lien avait compliqu\u00e9 la proc\u00e9dure judiciaire. Finalement jug\u00e9 en France, \u00c9ric Robic avait \u00e9t\u00e9 condamn\u00e9 \u00e0 cinq ans de prison ferme pour homicide involontaire aggrav\u00e9.<\/p>\n<p>    La r\u00e9daction vous recommande<\/p>\n<p class=\"s-newsletter__title\">\n                L\u2019actualit\u00e9 par la r\u00e9daction de RTL dans votre bo\u00eete mail.\n            <\/p>\n<p class=\"s-newsletter__subtitle\">\n                Gr\u00e2ce \u00e0 votre compte RTL abonnez-vous \u00e0 la newsletter RTL info pour suivre toute l&rsquo;actualit\u00e9 au quotidien\n            <\/p>\n<p>\n                                    Lire la suite\n                                <\/p>\n","protected":false},"excerpt":{"rendered":"\u00c9ric Robic, 51 ans, a \u00e9t\u00e9 tu\u00e9 par balles ce jeudi 16 avril \u00e0 Neuilly-sur-Seine, pr\u00e8s de Paris.&hellip;\n","protected":false},"author":2,"featured_media":873043,"comment_status":"","ping_status":"","sticky":false,"template":"","format":"standard","meta":{"footnotes":"","_share_on_mastodon":"0"},"categories":[4],"tags":[11,271,6189,107,1011,27,3314,662,303,12,1072,25],"class_list":["post-874327","post","type-post","status-publish","format-standard","has-post-thumbnail","category-france","tag-actualites","tag-crime","tag-execution","tag-fil-info","tag-fr","tag-france","tag-hauts-de-seine","tag-ile-de-france","tag-justice","tag-news","tag-police","tag-republique-francaise"],"share_on_mastodon":{"url":"https:\/\/pubeurope.com\/@fr\/116417967341593394","error":""},"_links":{"self":[{"href":"https:\/\/www.europesays.com\/fr\/wp-json\/wp\/v2\/posts\/874327","targetHints":{"allow":["GET"]}}],"collection":[{"href":"https:\/\/www.europesays.com\/fr\/wp-json\/wp\/v2\/posts"}],"about":[{"href":"https:\/\/www.europesays.com\/fr\/wp-json\/wp\/v2\/types\/post"}],"author":[{"embeddable":true,"href":"https:\/\/www.europesays.com\/fr\/wp-json\/wp\/v2\/users\/2"}],"replies":[{"embeddable":true,"href":"https:\/\/www.europesays.com\/fr\/wp-json\/wp\/v2\/comments?post=874327"}],"version-history":[{"count":0,"href":"https:\/\/www.europesays.com\/fr\/wp-json\/wp\/v2\/posts\/874327\/revisions"}],"wp:featuredmedia":[{"embeddable":true,"href":"https:\/\/www.europesays.com\/fr\/wp-json\/wp\/v2\/media\/873043"}],"wp:attachment":[{"href":"https:\/\/www.europesays.com\/fr\/wp-json\/wp\/v2\/media?parent=874327"}],"wp:term":[{"taxonomy":"category","embeddable":true,"href":"https:\/\/www.europesays.com\/fr\/wp-json\/wp\/v2\/categories?post=874327"},{"taxonomy":"post_tag","embeddable":true,"href":"https:\/\/www.europesays.com\/fr\/wp-json\/wp\/v2\/tags?post=874327"}],"curies":[{"name":"wp","href":"https:\/\/api.w.org\/{rel}","templated":true}]}}