{"id":87505,"date":"2025-05-09T19:11:09","date_gmt":"2025-05-09T19:11:09","guid":{"rendered":"https:\/\/www.europesays.com\/fr\/87505\/"},"modified":"2025-05-09T19:11:09","modified_gmt":"2025-05-09T19:11:09","slug":"metropole-de-lyon-un-collegien-agresse-dans-un-bus-par-trois-adolescents","status":"publish","type":"post","link":"https:\/\/www.europesays.com\/fr\/87505\/","title":{"rendered":"M\u00e9tropole de Lyon. Un coll\u00e9gien agress\u00e9 dans un bus par trois adolescents"},"content":{"rendered":"<p>Un adolescent de 15 ans aurait \u00e9t\u00e9 agress\u00e9, ce vendredi 9\u00a0mai dans un bus par trois autres jeunes \u00e0 Saint-Fons. Les faits se sont produits vers 12\u00a0h\u00a030, indique <a href=\"https:\/\/www.bfmtv.com\/lyon\/info-bfm-lyon-saint-fons-un-adolescent-agresse-dans-un-bus-par-trois-autres-jeunes_AN-202505090557.html?at_brand=BFMTV&amp;at_compte=BFMLyon&amp;at_plateforme=twitter&amp;at_campaign=Fan_pages&amp;at_medium=Community_Management\" target=\"_blank\" rel=\"nofollow noopener\">BFM<\/a> , quand le bus de la ligne 60 qui circulait en direction de Lyon s\u2019est arr\u00eat\u00e9 \u00e0 la station Saint-Fons Parmentier. C\u2019est l\u00e0 que trois jeunes seraient mont\u00e9s dans le bus. Ils auraient tent\u00e9 de voler son sac \u00e0 dos de leur victime et l\u2019auraient frapp\u00e9.<\/p>\n<p>La police indique qu\u2019elle est intervenue pour assister la victime.\u00a0Il a \u00e9t\u00e9 pris en charge et conduit \u00e0 l\u2019h\u00f4pital.<\/p>\n","protected":false},"excerpt":{"rendered":"Un adolescent de 15 ans aurait \u00e9t\u00e9 agress\u00e9, ce vendredi 9\u00a0mai dans un bus par trois autres jeunes&hellip;\n","protected":false},"author":2,"featured_media":87506,"comment_status":"","ping_status":"","sticky":false,"template":"","format":"standard","meta":{"footnotes":""},"categories":[1889],"tags":[1111,11,2430,271,272,3152,1777,674,274,107,1011,27,2428,12,25,2429,12592,3151,4407],"class_list":{"0":"post-87505","1":"post","2":"type-post","3":"status-publish","4":"format-standard","5":"has-post-thumbnail","7":"category-lyon","8":"tag-actu","9":"tag-actualites","10":"tag-auvergne-rhone-alpes","11":"tag-crime","12":"tag-delit-et-contravention","13":"tag-edition-est-lyonnais","14":"tag-eu","15":"tag-europe","16":"tag-faits-divers-justice","17":"tag-fil-info","18":"tag-fr","19":"tag-france","20":"tag-lyon","21":"tag-news","22":"tag-republique-francaise","23":"tag-rhone","24":"tag-saint-fons","25":"tag-selection-de-la-redaction-69","26":"tag-venissieux-bassin"},"share_on_mastodon":{"url":"https:\/\/pubeurope.com\/@fr\/114479463373071320","error":""},"_links":{"self":[{"href":"https:\/\/www.europesays.com\/fr\/wp-json\/wp\/v2\/posts\/87505","targetHints":{"allow":["GET"]}}],"collection":[{"href":"https:\/\/www.europesays.com\/fr\/wp-json\/wp\/v2\/posts"}],"about":[{"href":"https:\/\/www.europesays.com\/fr\/wp-json\/wp\/v2\/types\/post"}],"author":[{"embeddable":true,"href":"https:\/\/www.europesays.com\/fr\/wp-json\/wp\/v2\/users\/2"}],"replies":[{"embeddable":true,"href":"https:\/\/www.europesays.com\/fr\/wp-json\/wp\/v2\/comments?post=87505"}],"version-history":[{"count":0,"href":"https:\/\/www.europesays.com\/fr\/wp-json\/wp\/v2\/posts\/87505\/revisions"}],"wp:featuredmedia":[{"embeddable":true,"href":"https:\/\/www.europesays.com\/fr\/wp-json\/wp\/v2\/media\/87506"}],"wp:attachment":[{"href":"https:\/\/www.europesays.com\/fr\/wp-json\/wp\/v2\/media?parent=87505"}],"wp:term":[{"taxonomy":"category","embeddable":true,"href":"https:\/\/www.europesays.com\/fr\/wp-json\/wp\/v2\/categories?post=87505"},{"taxonomy":"post_tag","embeddable":true,"href":"https:\/\/www.europesays.com\/fr\/wp-json\/wp\/v2\/tags?post=87505"}],"curies":[{"name":"wp","href":"https:\/\/api.w.org\/{rel}","templated":true}]}}