{"id":87517,"date":"2025-05-09T19:18:09","date_gmt":"2025-05-09T19:18:09","guid":{"rendered":"https:\/\/www.europesays.com\/fr\/87517\/"},"modified":"2025-05-09T19:18:09","modified_gmt":"2025-05-09T19:18:09","slug":"feminicide-a-chevilly-larue-il-tue-sa-femme-avant-dessayer-de-se-suicider","status":"publish","type":"post","link":"https:\/\/www.europesays.com\/fr\/87517\/","title":{"rendered":"F\u00e9minicide \u00e0 Chevilly-Larue\u00a0: il tue sa femme avant d\u2019essayer de se suicider"},"content":{"rendered":"<p class=\"paragraph text_align_left\">\u00ab\u00a0Que vont devenir les enfants\u00a0?\u00a0\u00bb, l\u00e2che cette femme, en pleurs. Ce vendredi, en milieu de journ\u00e9e, un homme a tu\u00e9 sa femme \u00e0 leur domicile, au rez-de-chauss\u00e9e d\u2019un petit immeuble de la r\u00e9sidence de la Croix-du-Sud \u00e0 <a href=\"https:\/\/www.leparisien.fr\/val-de-marne-94\/chevilly-larue-94550\/\" target=\"_blank\" rel=\"noopener\">Chevilly-Larue<\/a> (Val-de-Marne). L\u2019enqu\u00eate a \u00e9t\u00e9 confi\u00e9e \u00e0 la police judiciaire du Val-de-Marne. Le parquet de Cr\u00e9teil a indiqu\u00e9 ce vendredi soir qu\u2019elle a \u00e9t\u00e9 ouverte pour \u00ab\u00a0meurtre par conjoint\u00a0\u00bb.<\/p>\n<p class=\"paragraph text_align_left\">Les circonstances de ce f\u00e9minicide restent encore \u00e0 \u00e9claircir. Mais selon une source, la victime aurait \u00e9t\u00e9 retrouv\u00e9e menott\u00e9e, avec du ruban adh\u00e9sif autour du cou et vraisemblablement elle aurait re\u00e7u un coup \u00e0 la t\u00eate. \u00ab\u00a0Elle a notamment un traumatisme cr\u00e2nien\u00a0\u00bb, compl\u00e8te une autre source. C\u2019est la brigade des sapeurs-pompiers de Paris qui est arriv\u00e9e en premier sur les lieux et a d\u00e9couvert ce qui venait de se jouer dans le huis clos familial. Ils ont alors emp\u00each\u00e9 l\u2019auteur de se prendre. Ils l\u2019ont pris en charge avant de l\u2019\u00e9vacuer vers un h\u00f4pital. Selon le parquet de Cr\u00e9teil, le suspect, \u00ab\u00a0\u00e2g\u00e9 de 45 ans, a \u00e9t\u00e9 hospitalis\u00e9 et plac\u00e9 en garde \u00e0 vue\u00a0\u00bb.<\/p>\n<p class=\"paragraph text_align_left\">D\u2019apr\u00e8s nos informations, l\u2019un des enfants, pr\u00e9venu par son p\u00e8re via un message envoy\u00e9 sur son t\u00e9l\u00e9phone portable, a imm\u00e9diatement averti une amie de la famille. Cette derni\u00e8re a alors imm\u00e9diatement appel\u00e9 le 18.<\/p>\n<p class=\"paragraph text_align_left\">\u00ab\u00a0Je suis sortie \u00e0 midi lors de ma pause, raconte cette riveraine, crois\u00e9e sur place, sous le choc. \u00c0 midi et demi, je n\u2019ai pas pu rentrer, il y avait des pompiers partout puis les policiers sont arriv\u00e9s. Je ne comprends pas car je n\u2019ai rien entendu avant de partir.\u00a0\u00bb<\/p>\n<p>\u00ab\u00a0C\u2019\u00e9tait une femme adorable\u00a0\u00bb<\/p>\n<p class=\"paragraph text_align_left\">Des policiers et les techniciens de la police scientifique sont encore sur place en d\u00e9but de soir\u00e9e pour collecter le moindre indice sur la sc\u00e8ne de crime. L\u2019apr\u00e8s-midi, des fonctionnaires gardaient le hall d\u2019entr\u00e9e et filtraient les all\u00e9es et venues. Vers 18h40, le corps de la victime, sorti sous une housse blanche, a \u00e9t\u00e9 emmen\u00e9 vers l\u2019institut m\u00e9dico-l\u00e9gal. \u00ab\u00a0L\u2019autopsie est pr\u00e9vue demain (samedi NDLR)\u00a0\u00bb, ajoute le parquet. Les enqu\u00eateurs devraient pouvoir comprendre ce qui a pouss\u00e9 l\u2019homme \u00e0 tuer la m\u00e8re de ses deux filles, \u00e2g\u00e9es de\u00a015 et 12\u00a0ans.<\/p>\n<p class=\"paragraph text_align_left\">Au pied du petit immeuble de cinq \u00e9tages, deux femmes et un homme, sous le choc, ont du mal \u00e0 cacher leur d\u00e9tresse. \u00ab\u00a0C\u2019\u00e9tait une femme adorable, toujours pr\u00eate \u00e0 aider les autres\u00a0\u00bb, glisse simplement une amie venue sur place d\u00e8s qu\u2019elle a appris la terrible nouvelle. Elle peine \u00e0 r\u00e9aliser. \u00ab\u00a0Comment peut-on faire cela\u00a0? Je ne comprends pas, s\u2019\u00e9nerve un homme. Il a foutu la vie de ses deux filles en l\u2019air.\u00a0\u00bb \u00ab\u00a0La petite passait son temps avec sa m\u00e8re\u00a0\u00bb, se d\u00e9sole une autre amie, le visage d\u00e9compos\u00e9 par l\u2019\u00e9motion.<\/p>\n<p>Un couple d\u2019Antillais d\u00e9crit comme \u00ab\u00a0sans probl\u00e8me\u00a0\u00bb<\/p>\n<p class=\"paragraph text_align_left\">\u00ab\u00a0Ce couple avait l\u2019air heureux, nous explique-t-on. Ils avaient tout le temps le sourire, raconte une voisine. Des voisins m\u2019ont dit avoir entendu des disputes mais je n\u2019ai jamais rien entendu de tel.\u00a0\u00bb<\/p>\n<p class=\"paragraph text_align_left\">Les proches rencontr\u00e9s n\u2019ont pas d\u2019explication. \u00ab\u00a0C\u2019est incompr\u00e9hensible\u00a0\u00bb, l\u00e2chent deux amies, avant de d\u00e9crire un couple qui travaillait \u00e0 l\u2019AP-HP. Lui, originaire de la Guadeloupe, \u00e9tait aide-soignant. La femme, \u00e2g\u00e9e d\u2019une quarantaine d\u2019ann\u00e9es, originaire de La Martinique, avait \u00e9galement d\u00e9but\u00e9 comme aide-soignante avant de prendre un autre poste au centre hospitalier du\u00a0Kremlin-Bic\u00eatre.<\/p>\n<p class=\"paragraph text_align_left\">Ils d\u00e9crivent ainsi un couple d\u2019Antillais sans probl\u00e8me, aimant faire \u00e0 manger et recevoir leurs amis. \u00ab\u00a0Je ne les ai jamais vus s\u2019engueuler\u00a0\u00bb, expliquent les deux amies, cherchant \u00e0 comprendre l\u2019incompr\u00e9hensible. \u00ab\u00a0C\u2019est inimaginable. Je l\u2019ai eue au t\u00e9l\u00e9phone hier (jeudi NDLR)\u00a0\u00bb, ajoute l\u2019autre femme, avant de se raviser\u00a0: \u00ab\u00a0Ah non ce matin\u2026 Je suis perdue\u00a0\u00bb. \u00ab\u00a0Son p\u00e8re \u00e9tait tr\u00e8s proche d\u2019elle. Il ne va jamais s\u2019en remettre\u00a0\u00bb, se d\u00e9sole la premi\u00e8re amie.<\/p>\n<p class=\"paragraph text_align_left\">En septembre\u00a02024, un<a href=\"https:\/\/www.leparisien.fr\/val-de-marne-94\/limeil-brevannes-un-homme-tue-sa-femme-et-blesse-grievement-sa-belle-soeur-avant-de-tenter-de-se-donner-la-mort-09-09-2024-QTJ5BILI25F4PGU6EITNQPJRAI.php\" target=\"_blank\" rel=\"noopener\"> \u00e9quipage de police avait emp\u00each\u00e9 un homme de se prendre<\/a> apr\u00e8s avoir tu\u00e9 sa femme et tent\u00e9 de tuer sa belle-s\u0153ur \u00e0 leur domicile de <a href=\"https:\/\/www.leparisien.fr\/val-de-marne-94\/limeil-brevannes-94450\/\" target=\"_blank\" rel=\"noopener\">Limeil-Br\u00e9vannes<\/a> (Val-de-Marne).<\/p>\n","protected":false},"excerpt":{"rendered":"\u00ab\u00a0Que vont devenir les enfants\u00a0?\u00a0\u00bb, l\u00e2che cette femme, en pleurs. Ce vendredi, en milieu de journ\u00e9e, un homme&hellip;\n","protected":false},"author":2,"featured_media":87518,"comment_status":"","ping_status":"","sticky":false,"template":"","format":"standard","meta":{"footnotes":""},"categories":[1888],"tags":[11,1777,674,118,1011,27,1944,12,626,25,1125],"class_list":{"0":"post-87517","1":"post","2":"type-post","3":"status-publish","4":"format-standard","5":"has-post-thumbnail","7":"category-paris","8":"tag-actualites","9":"tag-eu","10":"tag-europe","11":"tag-faits-divers","12":"tag-fr","13":"tag-france","14":"tag-ma-ville","15":"tag-news","16":"tag-paris","17":"tag-republique-francaise","18":"tag-val-de-marne"},"share_on_mastodon":{"url":"https:\/\/pubeurope.com\/@fr\/114479491035462257","error":""},"_links":{"self":[{"href":"https:\/\/www.europesays.com\/fr\/wp-json\/wp\/v2\/posts\/87517","targetHints":{"allow":["GET"]}}],"collection":[{"href":"https:\/\/www.europesays.com\/fr\/wp-json\/wp\/v2\/posts"}],"about":[{"href":"https:\/\/www.europesays.com\/fr\/wp-json\/wp\/v2\/types\/post"}],"author":[{"embeddable":true,"href":"https:\/\/www.europesays.com\/fr\/wp-json\/wp\/v2\/users\/2"}],"replies":[{"embeddable":true,"href":"https:\/\/www.europesays.com\/fr\/wp-json\/wp\/v2\/comments?post=87517"}],"version-history":[{"count":0,"href":"https:\/\/www.europesays.com\/fr\/wp-json\/wp\/v2\/posts\/87517\/revisions"}],"wp:featuredmedia":[{"embeddable":true,"href":"https:\/\/www.europesays.com\/fr\/wp-json\/wp\/v2\/media\/87518"}],"wp:attachment":[{"href":"https:\/\/www.europesays.com\/fr\/wp-json\/wp\/v2\/media?parent=87517"}],"wp:term":[{"taxonomy":"category","embeddable":true,"href":"https:\/\/www.europesays.com\/fr\/wp-json\/wp\/v2\/categories?post=87517"},{"taxonomy":"post_tag","embeddable":true,"href":"https:\/\/www.europesays.com\/fr\/wp-json\/wp\/v2\/tags?post=87517"}],"curies":[{"name":"wp","href":"https:\/\/api.w.org\/{rel}","templated":true}]}}