{"id":87526,"date":"2025-05-09T19:23:10","date_gmt":"2025-05-09T19:23:10","guid":{"rendered":"https:\/\/www.europesays.com\/fr\/87526\/"},"modified":"2025-05-09T19:23:10","modified_gmt":"2025-05-09T19:23:10","slug":"deux-hommes-condamnes-pour-avoir-tronconne-larbre-de-robin-des-bois","status":"publish","type":"post","link":"https:\/\/www.europesays.com\/fr\/87526\/","title":{"rendered":"Deux hommes condamn\u00e9s pour avoir tron\u00e7onn\u00e9 \u00ab\u00a0l\u2019arbre de Robin des Bois\u00a0\u00bb"},"content":{"rendered":"<p>Le tribunal a aussi sorti la tron\u00e7onneuse. Deux hommes ont \u00e9t\u00e9 reconnus coupables ce vendredi 9\u00a0mai par un tribunal britannique d\u2019avoir abattu le Sycamore Gap tree, arbre l\u00e9gendaire jouxtant le mur d\u2019Hadrien dans le nord de <a href=\"https:\/\/www.20minutes.fr\/arts-stars\/people\/4152233-20250507-famille-royale-enfant-kate-william-chouchou-britanniques\" target=\"_blank\" class=\"color-ultramarine c-link\" rel=\"nofollow noopener\">l\u2019Angleterre<\/a>. Cet acte avait provoqu\u00e9 une grande \u00e9motion dans le pays. Daniel Graham, 39 ans, et Adam Carruthers, 32 ans, \u00e9taient jug\u00e9s pour avoir en septembre\u00a02023 sci\u00e9 cet \u00e9rable majestueux vieux de pr\u00e8s de deux si\u00e8cles. L\u2019arbre appara\u00eet dans de nombreux films et s\u00e9ries TV, dont \u00ab\u00a0<a href=\"https:\/\/www.20minutes.fr\/dossier\/robin_des_bois\" target=\"_blank\" class=\"color-ultramarine c-link\" rel=\"nofollow noopener\">Robin des Bois<\/a>\u00a0: Prince des voleurs\u00a0\u00bb avec Kevin Costner en\u00a01991.<\/p>\n<p>Les deux hommes n\u2019ont montr\u00e9 aucune \u00e9motion \u00e0 l\u2019annonce de la d\u00e9cision du tribunal de Newcastle. Ils seront fix\u00e9s sur leur peine le 15\u00a0juillet. Ils niaient tous les deux avoir pris part \u00e0 l\u2019abattage du Sycamore Gap tree et se renvoyaient la responsabilit\u00e9.<\/p>\n<p>Un morceau de tronc comme troph\u00e9e<\/p>\n<p>Graham et Carruthers sont accus\u00e9s de s\u2019\u00eatre rendus en voiture en pleine nuit puis d\u2019avoir march\u00e9 20 minutes jusqu\u2019au site, avant de se filmer en train de <a href=\"https:\/\/www.20minutes.fr\/paris\/2449199-20190212-essonne-arbre-plante-memoire-ilan-halimi-retrouve-scie\" target=\"_blank\" class=\"color-ultramarine c-link\" rel=\"nofollow noopener\">scier l\u2019arbre<\/a> et d\u2019emporter un morceau du tronc comme troph\u00e9e.<\/p>\n<\/p>\n<p>Selon le procureur Richard Wright, les deux hommes se sont \u00ab\u00a0d\u00e9lect\u00e9s\u00a0\u00bb de la couverture m\u00e9diatique de l\u2019abattage, s\u2019envoyant des messages pour se f\u00e9liciter d\u2019une histoire devenue \u00ab\u00a0virale\u00a0\u00bb, tant cet arbre isol\u00e9 entre deux collines dans un paysage spectaculaire de Northumbrie, \u00e9tait aim\u00e9 du grand public. D\u00e9non\u00e7ant une \u00ab\u00a0mission d\u00e9bile\u00a0\u00bb men\u00e9e par les deux amis, il avait fait diffuser au tribunal une vid\u00e9o de deux minutes et 41 secondes, retrouv\u00e9e dans le t\u00e9l\u00e9phone de Daniel Graham et immortalisant selon lui le moment o\u00f9 l\u2019arbre est abattu \u00e0 la tron\u00e7onneuse.<\/p>\n<p>Les dommages caus\u00e9s \u00e0 cet arbre sont estim\u00e9s \u00e0 plus de 622.000 livres (plus de 724.000 euros), et ceux subis par le mur d\u2019Hadrien voisin, un site romain class\u00e9 par <a href=\"https:\/\/www.20minutes.fr\/dossier\/patrimoine_mondial_de_l_unesco\" target=\"_blank\" class=\"color-ultramarine c-link\" rel=\"nofollow noopener\">l\u2019Unesco<\/a>, \u00e0 1.144 livres (1.350 euros).<\/p>\n","protected":false},"excerpt":{"rendered":"Le tribunal a aussi sorti la tron\u00e7onneuse. Deux hommes ont \u00e9t\u00e9 reconnus coupables ce vendredi 9\u00a0mai par un&hellip;\n","protected":false},"author":2,"featured_media":87527,"comment_status":"","ping_status":"","sticky":false,"template":"","format":"standard","meta":{"footnotes":""},"categories":[1588],"tags":[47,11,4708,8489,1777,674,118,303,19739,12,19738,473,1853,1851,12077,1850,1852],"class_list":{"0":"post-87526","1":"post","2":"type-post","3":"status-publish","4":"format-standard","5":"has-post-thumbnail","7":"category-royaume-uni","8":"tag-actualite","9":"tag-actualites","10":"tag-angleterre","11":"tag-arbre","12":"tag-eu","13":"tag-europe","14":"tag-faits-divers","15":"tag-justice","16":"tag-newcastle","17":"tag-news","18":"tag-robin-des-bois","19":"tag-royaume-uni","20":"tag-royaume-uni-de-grande-bretagne-et-dirlande-du-nord","21":"tag-uk","22":"tag-unesco","23":"tag-united-kingdom","24":"tag-united-kingdom-of-great-britain-and-northern-ireland"},"share_on_mastodon":{"url":"https:\/\/pubeurope.com\/@fr\/114479510716139975","error":""},"_links":{"self":[{"href":"https:\/\/www.europesays.com\/fr\/wp-json\/wp\/v2\/posts\/87526","targetHints":{"allow":["GET"]}}],"collection":[{"href":"https:\/\/www.europesays.com\/fr\/wp-json\/wp\/v2\/posts"}],"about":[{"href":"https:\/\/www.europesays.com\/fr\/wp-json\/wp\/v2\/types\/post"}],"author":[{"embeddable":true,"href":"https:\/\/www.europesays.com\/fr\/wp-json\/wp\/v2\/users\/2"}],"replies":[{"embeddable":true,"href":"https:\/\/www.europesays.com\/fr\/wp-json\/wp\/v2\/comments?post=87526"}],"version-history":[{"count":0,"href":"https:\/\/www.europesays.com\/fr\/wp-json\/wp\/v2\/posts\/87526\/revisions"}],"wp:featuredmedia":[{"embeddable":true,"href":"https:\/\/www.europesays.com\/fr\/wp-json\/wp\/v2\/media\/87527"}],"wp:attachment":[{"href":"https:\/\/www.europesays.com\/fr\/wp-json\/wp\/v2\/media?parent=87526"}],"wp:term":[{"taxonomy":"category","embeddable":true,"href":"https:\/\/www.europesays.com\/fr\/wp-json\/wp\/v2\/categories?post=87526"},{"taxonomy":"post_tag","embeddable":true,"href":"https:\/\/www.europesays.com\/fr\/wp-json\/wp\/v2\/tags?post=87526"}],"curies":[{"name":"wp","href":"https:\/\/api.w.org\/{rel}","templated":true}]}}