{"id":875635,"date":"2026-04-17T17:44:20","date_gmt":"2026-04-17T17:44:20","guid":{"rendered":"https:\/\/www.europesays.com\/fr\/875635\/"},"modified":"2026-04-17T17:44:20","modified_gmt":"2026-04-17T17:44:20","slug":"attentat-du-marche-de-noel-de-strasbourg-trente-ans-de-prison-en-appel-pour-avoir-aide-le-terroriste","status":"publish","type":"post","link":"https:\/\/www.europesays.com\/fr\/875635\/","title":{"rendered":"Attentat du march\u00e9 de No\u00ebl de Strasbourg\u00a0: Trente ans de prison en appel pour avoir aid\u00e9 le terroriste"},"content":{"rendered":"<p>La cour d\u2019assises sp\u00e9ciale d\u2019appel de Paris a confirm\u00e9 le <a href=\"https:\/\/www.20minutes.fr\/strasbourg\/4084971-20240404-attentat-marche-noel-strasbourg-principal-accuse-condamne-trente-ans-reclusion\" class=\"c-link c-link--is-underlined\" rel=\"nofollow noopener\" target=\"_blank\">verdict de premi\u00e8re instance<\/a>. Audrey Mondjehi, un d\u00e9linquant multir\u00e9cidiviste de 44 ans, a \u00e9t\u00e9 condamn\u00e9 vendredi en appel \u00e0 trente ans de r\u00e9clusion criminelle, pour avoir aid\u00e9 le djihadiste <a href=\"https:\/\/www.20minutes.fr\/societe\/cherif-chekatt\/\" class=\"c-link c-link--is-underlined\" rel=\"nofollow noopener\" target=\"_blank\">Ch\u00e9rif Chekatt<\/a> \u00e0 se procurer le pistolet utilis\u00e9 pour tuer cinq personnes au <a href=\"https:\/\/www.20minutes.fr\/societe\/4189965-20251206-terrorisme-vigilance-maximale-marches-noel-sous-protection-rapprochee\" class=\"c-link c-link--is-underlined\" rel=\"nofollow noopener\" target=\"_blank\">march\u00e9 de No\u00ebl de Strasbourg<\/a> en\u00a02018.<\/p>\n<p>La peine a \u00e9t\u00e9 assortie d&rsquo;une p\u00e9riode de s\u00fbret\u00e9 de vingt ans, durant laquelle Mondjehi ne pourra pr\u00e9tendre \u00e0 aucune mesure de lib\u00e9ration conditionnelle ou d\u2019am\u00e9nagement de peine. Une interdiction d\u00e9finitive du territoire a \u00e9galement \u00e9t\u00e9 prononc\u00e9e contre ce ressortissant ivoirien.<\/p>\n<p>Chekatt avait \u00e9t\u00e9 abattu apr\u00e8s deux jours de traque. Mondjehi r\u00e9fute avoir eu connaissance de la radicalisation de Chekatt, dont il \u00e9tait proche depuis leur rencontre en d\u00e9tention en\u00a02007, quand il l\u2019avait aid\u00e9 \u00e0 se procurer une arme.<\/p>\n<p>Deux autre interm\u00e9diaires condamn\u00e9s<\/p>\n<p>Le soir du 11\u00a0d\u00e9cembre 2018, apr\u00e8s avoir pr\u00eat\u00e9 all\u00e9geance au groupe Etat islamique (EI), Ch\u00e9rif Chekatt, 29 ans, d\u00e9linquant radicalis\u00e9 fich\u00e9 S, avait fait irruption au march\u00e9 de No\u00ebl de Strasbourg, qui attire chaque ann\u00e9e environ de trois millions de touristes venus du monde entier. Il avait tu\u00e9 cinq personnes et en avait bless\u00e9 onze autres dans les rues bond\u00e9es de la capitale alsacienne.<\/p>\n<p>En premi\u00e8re instance, deux autres interm\u00e9diaires, coupables d\u2019association de malfaiteurs mais sans que sa dimension terroriste ne soit retenue, avaient \u00e9t\u00e9 condamn\u00e9s \u00e0 des peines de quatre et cinq ans de prison, respectivement assorties d\u2019un an et de six mois avec sursis. Un troisi\u00e8me homme avait \u00e9t\u00e9 acquitt\u00e9.<\/p>\n<p>Albert B., l\u2019octog\u00e9naire qui avait vendu l\u2019arme \u00e0 Mondjehi et Chekatt quelques heures avant l\u2019attentat, <a href=\"https:\/\/www.20minutes.fr\/faits_divers\/4189674-20251204-attentat-marche-noel-strasbourg-2018-homme-vendu-arme-terroriste-jamais-juge\" class=\"c-link c-link--is-underlined\" rel=\"nofollow noopener\" target=\"_blank\">ne sera en revanche jamais jug\u00e9<\/a>\u00a0: fin\u00a02025, une expertise m\u00e9dicale a conclu que son \u00e9tat de sant\u00e9 \u00e9tait d\u00e9finitivement \u00ab\u00a0incompatible\u00a0\u00bb avec toute comparution. Il n\u2019avait d\u00e9j\u00e0 pas pu compara\u00eetre en premi\u00e8re instance.<\/p>\n","protected":false},"excerpt":{"rendered":"La cour d\u2019assises sp\u00e9ciale d\u2019appel de Paris a confirm\u00e9 le verdict de premi\u00e8re instance. Audrey Mondjehi, un d\u00e9linquant&hellip;\n","protected":false},"author":2,"featured_media":875636,"comment_status":"","ping_status":"","sticky":false,"template":"","format":"standard","meta":{"footnotes":"","_share_on_mastodon":"0"},"categories":[2820],"tags":[1111,47,11,2389,5581,94272,2649,89577,1777,674,1011,27,775,303,36053,12,79048,25,640],"class_list":["post-875635","post","type-post","status-publish","format-standard","has-post-thumbnail","category-strasbourg","tag-actu","tag-actualite","tag-actualites","tag-alsace","tag-attentat","tag-attentat-a-strasbourg","tag-bas-rhin","tag-cherif-chekatt","tag-eu","tag-europe","tag-fr","tag-france","tag-grand-est","tag-justice","tag-marche-de-noel","tag-news","tag-proces-en-appel","tag-republique-francaise","tag-strasbourg"],"share_on_mastodon":{"url":"https:\/\/pubeurope.com\/@fr\/116421293951434253","error":""},"_links":{"self":[{"href":"https:\/\/www.europesays.com\/fr\/wp-json\/wp\/v2\/posts\/875635","targetHints":{"allow":["GET"]}}],"collection":[{"href":"https:\/\/www.europesays.com\/fr\/wp-json\/wp\/v2\/posts"}],"about":[{"href":"https:\/\/www.europesays.com\/fr\/wp-json\/wp\/v2\/types\/post"}],"author":[{"embeddable":true,"href":"https:\/\/www.europesays.com\/fr\/wp-json\/wp\/v2\/users\/2"}],"replies":[{"embeddable":true,"href":"https:\/\/www.europesays.com\/fr\/wp-json\/wp\/v2\/comments?post=875635"}],"version-history":[{"count":0,"href":"https:\/\/www.europesays.com\/fr\/wp-json\/wp\/v2\/posts\/875635\/revisions"}],"wp:featuredmedia":[{"embeddable":true,"href":"https:\/\/www.europesays.com\/fr\/wp-json\/wp\/v2\/media\/875636"}],"wp:attachment":[{"href":"https:\/\/www.europesays.com\/fr\/wp-json\/wp\/v2\/media?parent=875635"}],"wp:term":[{"taxonomy":"category","embeddable":true,"href":"https:\/\/www.europesays.com\/fr\/wp-json\/wp\/v2\/categories?post=875635"},{"taxonomy":"post_tag","embeddable":true,"href":"https:\/\/www.europesays.com\/fr\/wp-json\/wp\/v2\/tags?post=875635"}],"curies":[{"name":"wp","href":"https:\/\/api.w.org\/{rel}","templated":true}]}}