{"id":87595,"date":"2025-05-09T20:01:09","date_gmt":"2025-05-09T20:01:09","guid":{"rendered":"https:\/\/www.europesays.com\/fr\/87595\/"},"modified":"2025-05-09T20:01:09","modified_gmt":"2025-05-09T20:01:09","slug":"de-nombreuses-foires-a-tout-brocantes-et-vide-greniers-ont-lieu-ce-week-end-en-seine-maritime","status":"publish","type":"post","link":"https:\/\/www.europesays.com\/fr\/87595\/","title":{"rendered":"De nombreuses foires \u00e0 tout, brocantes et vide-greniers ont lieu ce week-end en Seine-Maritime"},"content":{"rendered":"<p>            Par<br \/>\n        <strong><br \/>\n            <a href=\"https:\/\/actu.fr\/auteur\/louise-boutard\" title=\"Consulter tous les articles de Louise Boutard\" rel=\"nofollow noopener\" target=\"_blank\">Louise Boutard<\/a><br \/>\n        <\/strong><\/p>\n<p>        Publi\u00e9 le<\/p>\n<p>            9 mai 2025 \u00e0 20h14        <\/p>\n<p>Vous cherchez des foires \u00e0 tout pour ce week-end printanier\u2009? La r\u00e9daction de 76actu vous a list\u00e9 les vide-greniers et brocantes de <a href=\"https:\/\/actu.fr\/76actu\/\" rel=\"nofollow noopener\" target=\"_blank\">Seine-Maritime<\/a> qui se d\u00e9roulent ce samedi\u00a010 et dimanche 11\u00a0mai 2025.<\/p>\n<p>Samedi 10\u00a0mai<\/p>\n<p class=\" wall-content\"><strong>Dieppe<\/strong>\u2009: vide-grenier et march\u00e9 aux puces, salle Paul-Eluard de 8\u2009h \u00e0 17\u2009h<\/p>\n<p class=\" wall-content\"><strong>Gonneville-la-Mallet<\/strong>\u2009: grande vente de 9\u2009h \u00e0 16\u2009h, dans la halle au bl\u00e9, place Guy de Maupassant, au profit du secours catholique<\/p>\n<p class=\" wall-content\"><strong>Le\u00a0Havre<\/strong>\u2009: bric-\u00e0-brac et f\u00eate, vente de meubles, v\u00eatements, chaussures, bibelots, mercerie, jouets, livres\u2026 de 9\u2009h\u200930 \u00e0 12\u2009h et de 14\u2009h \u00e0 17\u2009h, 142 rue Th\u00e9ophile Gautier, quartier Bl\u00e9ville<\/p>\n<p>Dimanche 11\u00a0mai<\/p>\n<p class=\" wall-content\"><strong>Arques-la-Bataille<\/strong>\u2009: foire \u00e0 tout de l\u2019association des parents d\u2019\u00e9l\u00e8ves, de 7\u2009h \u00e0 18\u2009h au gymnase de l\u2019\u00e9toile. Restauration sur place<\/p>\n<p>Vid\u00e9os : en ce moment sur Actu<\/p>\n<p class=\" wall-content\"><strong>Bonsecours\u2009:<\/strong> vide-grenier de l\u2019ASCB, place du march\u00e9 (place Georges-Loquet), de 8\u2009h \u00e0 18\u2009h<\/p>\n<p class=\" wall-content\"><strong>Bosc-le-Hard\u2009:<\/strong> foire \u00e0 tout sur le terrain de football, de 6\u2009h\u200930 \u00e0 18\u2009h\u200930. Restauration sur place<\/p>\n<p class=\" wall-content\"><strong>Canville-les-Deux-Eglises\u2009:<\/strong> foire \u00e0 tout sur le terrain communal et la route de Saint-Laurent-en-Caux, de 8\u2009h \u00e0 18\u2009h. Restauration sur place<\/p>\n<p class=\" wall-content\"><strong>Cany-Barville\u2009:<\/strong> foire \u00e0 tout sur le champ de foire, de 7\u2009h \u00e0 18\u2009h. Restauration sur place<\/p>\n<p class=\" wall-content\"><strong>Dieppe\u2009:<\/strong> foire \u00e0 tout des As des dominos dieppois, square Leroux, 4 rue Alexandre Anquetin, de 7\u2009h \u00e0 18\u2009h. Restauration sur place avec p\u00e2tisseries<\/p>\n<p class=\" wall-content\"><strong>\u00c9crainville\u2009:<\/strong> vide-grenier sur le stade de football, de 7\u2009h \u00e0 18\u2009h. Entr\u00e9e 1\u00a0\u20ac pour les plus de 12\u00a0ans. Restauration sur place<\/p>\n<p class=\" wall-content\"><strong>\u00c9talondes\u2009:<\/strong> brocante dans la salle des f\u00eates, de 7\u2009h \u00e0 18\u2009h, au profit de l\u2019association partage S\u00e9n\u00e9gal.<\/p>\n<p class=\" wall-content\"><strong>Fongueusemare\u2009:<\/strong> vide-grenier all\u00e9e des tilleuls, de 8\u2009h de 18\u2009h, centre-ville. Restauration sur place<\/p>\n<p class=\" wall-content\"><strong>Goderville\u2009:<\/strong> vide-grenier des p\u2019tits loups dans les cours des \u00e9coles, rue du hameau Martin, de 8\u2009h \u00e0 17\u2009h. Entr\u00e9e 1\u00a0\u20ac pour les plus de 15\u00a0ans. Restauration sur place<\/p>\n<p class=\" wall-content\"><strong>Grandcourt\u2009:<\/strong> foire \u00e0 tout route de Dieppe, de 8\u2009h \u00e0 18\u2009h. march\u00e9 fermier. Restauration sur place<\/p>\n<p class=\" wall-content\"><strong>Gr\u00e8ges\u2009:<\/strong> foire \u00e0 tout au stade de foot, rue de la briqueterie, de 7\u2009h\u200930 \u00e0 18\u2009h. Restauration sur place<\/p>\n<p class=\" wall-content\"><strong>Gruchet-le-Valasse<\/strong>\u2009: foire \u00e0 tout rue de l\u2019Abbaye, de 8\u2009h \u00e0 18\u2009h. Entr\u00e9e 1\u00a0\u20ac. Restauration sur place<\/p>\n<p class=\" wall-content\"><strong>Harfleur<\/strong>\u2009: vide-grenier, \u00e9cole Andr\u00e9-Gide, rue Albert-Camus, de 8\u2009h \u00e0 18\u2009h. entr\u00e9e 1\u00a0\u20ac. Organis\u00e9 par l\u2019association des parents d\u2019\u00e9l\u00e8ves.<\/p>\n<p class=\" wall-content\"><strong>Le\u00a0Havre\u2009:<\/strong> bric-\u00e0-brac et kermesse au centre paroissial St-Jean-Baptiste, vente de meubles, v\u00eatements, chaussures, bibelots, mercerie, jouets, livres\u2026 de 9\u2009h\u200930 \u00e0 17\u2009h, 142 rue Th\u00e9ophile Gautier, quartier Bl\u00e9ville<\/p>\n<p class=\" wall-content\"><strong>Le\u00a0Havre\u2009:<\/strong> vide grenier, \u00e9cole \u00e9l\u00e9mentaire George Sand, 140 rue de la Vall\u00e9e, entr\u00e9e 1\u00a0\u20ac, de 8\u2009h \u00e0 18\u2009h. Restauration sur place<\/p>\n<p class=\" wall-content\"><strong>Le Houlme\u2009:<\/strong> foire \u00e0 tout sur le parking du Lidl, rue du G\u00e9n\u00e9ral-de-Gaulle, de 6\u2009h \u00e0 18\u2009h.<\/p>\n<p class=\" wall-content\"><strong>Les Loges\u2009:<\/strong> foire \u00e0 tout sur le stade de foot, de 6\u2009h\u200930 \u00e0 17\u2009h\u200930. Entr\u00e9e 1\u00a0\u20ac. Restauration sur place<\/p>\n<p class=\" wall-content\"><strong>M\u00e9nonval\u2009:<\/strong> foire \u00e0 tout dans le centre-bourg, rue de l\u2019\u00e9cole, de 8\u2009h \u00e0 18\u2009h. Restauration sur place<\/p>\n<p class=\" wall-content\"><strong>Monchy-sur-Eu\u2009:<\/strong> foire \u00e0 tout au stade, de 8\u2009h \u00e0 18\u2009h. Restauration sur place<\/p>\n<p class=\" wall-content\"><strong>Nesle-Hodeng\u2009:<\/strong> foire \u00e0 tout au stade de football, 1\u2009000 route de la Montagne, de 6\u2009h \u00e0 18\u2009h<\/p>\n<p class=\" wall-content\"><strong>Oissel<\/strong>\u2009: foire \u00e0 tout du CMS Oissel, au Palais des Congr\u00e8s, 14 avenue Saint-Julien de 9\u2009h \u00e0 17\u2009h. Restauration sur place<\/p>\n<p class=\" wall-content\"><strong>Port-J\u00e9r\u00f4me-sur-Seine\u2009:<\/strong> puces des couturi\u00e8res \u00e0 Notre-Dame-de-Gravenchon, salle de l\u2019Escale, de 10\u2009h \u00e0 17\u2009h\u200930<\/p>\n<p class=\" wall-content\"><strong>Saint-Aubin-sur-Scie\u2009:<\/strong> brocante de l\u2019Esjanval football au stade Auguste-Delaune, 1031 chemin des Vertus, de 8\u2009h \u00e0 18\u2009h. Restauration sur place<\/p>\n<p class=\" wall-content\"><strong>Saint-Pierre-en-Port\u2009:<\/strong> bourse aux plantes, cour de la maison des croyances, rue de la mairie, de 9\u2009h \u00e0 17\u2009h.<\/p>\n<p class=\" wall-content\"><strong>Saint-Saire\u2009:<\/strong> brocante de jardin et march\u00e9 aux fleurs et v\u00e9g\u00e9taux, march\u00e9 artisanal et gourmand \u00e0 la ferme de la Bethune, de 9\u2009h \u00e0 18\u2009h<\/p>\n<p class=\" wall-content\"><strong>Sauchay\u2009:<\/strong> bric-\u00e0-brac dans la salle des f\u00eates, chemin Sainte-Apolline, de 8\u2009h \u00e0 17\u2009h<\/p>\n<p class=\" wall-content\"><strong>Terres-de-Caux\u2009:<\/strong> commune de Fauville-en-Caux, place Gaston-Sanson, de 6\u2009h \u00e0 18\u2009h, entr\u00e9e 1\u00a0\u20ac. Restauration sur place<\/p>\n<p class=\" wall-content\"><strong>Torcy-le-Petit\u2009:<\/strong> foire \u00e0 tout dans l\u2019\u00e9cole, de 7\u2009h \u00e0 18\u2009h. Restauration sur place<\/p>\n<p class=\" wall-content\"><strong>Valliquerville<\/strong>\u2009: vide-grenier dans l\u2019\u00e9cole, de 8\u2009h \u00e0 18\u2009h. Restauration sur place<\/p>\n<p class=\" wall-content\"><strong>Yvecrique\u2009:<\/strong> foire \u00e0 tout \u00e0 c\u00f4t\u00e9 de la salle des f\u00eates, rue du Ch\u00eane de la Libert\u00e9, de 6\u2009h \u00e0 17\u2009h. Restauration sur place et f\u00eate foraine<\/p>\n<p class=\" wall-content\"><strong>Yvetot\u2009:<\/strong> foire \u00e0 tout de l\u2019association Multimuneris sur le champ de foire, de 8\u2009h \u00e0 18\u2009h. Restauration sur place<\/p>\n<p>Vous souhaitez annoncer un \u00e9v\u00e9nement festif ou associatif, une initiative locale\u2009? Rendez-vous sur notre plateforme <a href=\"https:\/\/www.infolocale.fr\/decouvrir\/actu\/\" rel=\"nofollow noopener\" target=\"_blank\">Infolocale.<\/a><\/p>\n<p class=\" wall-content\">Suivez toute l\u2019actualit\u00e9 de vos villes et m\u00e9dias favoris en vous inscrivant \u00e0 <a href=\"https:\/\/moncompte.actu.fr\" title=\"D\u00e9couvez Mon Actu\" rel=\"nofollow noopener\" data-trk=\"{&quot;cta&quot;:{&quot;action&quot;:&quot;https:\\\/\\\/moncompte.actu.fr&quot;,&quot;category&quot;:&quot;mon compte&quot;,&quot;from&quot;:&quot;article footer&quot;,&quot;name&quot;:&quot;Mon actu&quot;,&quot;type&quot;:&quot;cta&quot;}}\" target=\"_blank\">Mon Actu<\/a>.<\/p>\n","protected":false},"excerpt":{"rendered":"Par Louise Boutard Publi\u00e9 le 9 mai 2025 \u00e0 20h14 Vous cherchez des foires \u00e0 tout pour ce&hellip;\n","protected":false},"author":2,"featured_media":87596,"comment_status":"","ping_status":"","sticky":false,"template":"","format":"standard","meta":{"footnotes":""},"categories":[9587],"tags":[1111,11,6961,1777,674,10087,1011,27,12,5161,25,9590,104,3365],"class_list":{"0":"post-87595","1":"post","2":"type-post","3":"status-publish","4":"format-standard","5":"has-post-thumbnail","7":"category-rouen","8":"tag-actu","9":"tag-actualites","10":"tag-brocante","11":"tag-eu","12":"tag-europe","13":"tag-foires-a-tout","14":"tag-fr","15":"tag-france","16":"tag-news","17":"tag-normandie","18":"tag-republique-francaise","19":"tag-rouen","20":"tag-societe","21":"tag-vide-greniers"},"share_on_mastodon":{"url":"https:\/\/pubeurope.com\/@fr\/114479659948928927","error":""},"_links":{"self":[{"href":"https:\/\/www.europesays.com\/fr\/wp-json\/wp\/v2\/posts\/87595","targetHints":{"allow":["GET"]}}],"collection":[{"href":"https:\/\/www.europesays.com\/fr\/wp-json\/wp\/v2\/posts"}],"about":[{"href":"https:\/\/www.europesays.com\/fr\/wp-json\/wp\/v2\/types\/post"}],"author":[{"embeddable":true,"href":"https:\/\/www.europesays.com\/fr\/wp-json\/wp\/v2\/users\/2"}],"replies":[{"embeddable":true,"href":"https:\/\/www.europesays.com\/fr\/wp-json\/wp\/v2\/comments?post=87595"}],"version-history":[{"count":0,"href":"https:\/\/www.europesays.com\/fr\/wp-json\/wp\/v2\/posts\/87595\/revisions"}],"wp:featuredmedia":[{"embeddable":true,"href":"https:\/\/www.europesays.com\/fr\/wp-json\/wp\/v2\/media\/87596"}],"wp:attachment":[{"href":"https:\/\/www.europesays.com\/fr\/wp-json\/wp\/v2\/media?parent=87595"}],"wp:term":[{"taxonomy":"category","embeddable":true,"href":"https:\/\/www.europesays.com\/fr\/wp-json\/wp\/v2\/categories?post=87595"},{"taxonomy":"post_tag","embeddable":true,"href":"https:\/\/www.europesays.com\/fr\/wp-json\/wp\/v2\/tags?post=87595"}],"curies":[{"name":"wp","href":"https:\/\/api.w.org\/{rel}","templated":true}]}}