{"id":87608,"date":"2025-05-09T20:08:23","date_gmt":"2025-05-09T20:08:23","guid":{"rendered":"https:\/\/www.europesays.com\/fr\/87608\/"},"modified":"2025-05-09T20:08:23","modified_gmt":"2025-05-09T20:08:23","slug":"strasbourg-une-nuit-blanche-dans-leglise-saint-guillaume-de-strasbourg","status":"publish","type":"post","link":"https:\/\/www.europesays.com\/fr\/87608\/","title":{"rendered":"Strasbourg. Une Nuit blanche dans l\u2019\u00e9glise Saint-Guillaume\u00a0de Strasbourg"},"content":{"rendered":"<p>Dormir dans une \u00e9glise, allong\u00e9 dans la nef, berc\u00e9 par la musique\u2026 Vous en avez r\u00eav\u00e9\u00a0? Ce sera bient\u00f4t possible \u00e0 l\u2019\u00e9glise protestante Saint-Guillaume, \u00e0 Strasbourg, o\u00f9 <a href=\"https:\/\/www.dna.fr\/culture-loisirs\/2025\/04\/27\/un-recital-vocal-de-la-soprano-natalie-dessay-sous-forme-d-adieu-nostalgique-en-l-eglise-saint-guillaume\" target=\"_blank\" rel=\"nofollow noopener\">Passions Crois\u00e9es<\/a> organise le samedi 24\u00a0mai sa premi\u00e8re Nuit blanche. \u00ab\u00a0En tant qu\u2019organiste, j\u2019ai la chance de r\u00e9p\u00e9ter parfois la nuit dans les \u00e9glises. C\u2019est un immense privil\u00e8ge, qui plonge dans une ambiance tr\u00e8s particuli\u00e8re et permet de profiter diff\u00e9remment de l\u2019espace.\u00a0J\u2019avais envie de partager \u00e7a avec le public\u00a0\u00bb, pr\u00e9cise <a href=\"https:\/\/www.dna.fr\/culture-loisirs\/2024\/04\/22\/nuit-blanche-requiem-de-faure-et-pianiste-a-saint-guillaume\" target=\"_blank\" rel=\"nofollow noopener\">Cyril Pallaud, le directeur de Passions Crois\u00e9es<\/a> , qui avait d\u00e9j\u00e0 esquiss\u00e9 une Nuit blanche l\u2019an dernier.<\/p>\n<p>Tout commencera \u00ab\u00a0en douceur\u00a0\u00bb, \u00e0 20\u00a0h, par le Stabat Mater d\u2019Anton Dvorak, avec l\u2019ensemble Les Ornements et quatre solistes. Dans une mise en sc\u00e8ne un rien d\u00e9cal\u00e9e, cependant, orchestr\u00e9e par Guillem Aubry et convoquant, \u00ab\u00a0comme une parabole\u00a0\u00bb, la s\u00e9rie Squid Game (on vous laisse d\u00e9couvrir). \u00c0 partir de 23\u00a0h \u2013 et apr\u00e8s un d\u00e9tour par les jardins et\/ou le four \u00e0 tartes flamb\u00e9es \u2013, changement de d\u00e9cor\u00a0! Guillem Aubry prendra le relais avec un r\u00e9cital de piano sur fond de jeux vid\u00e9o projet\u00e9s sur grand \u00e9cran et jouera les plus c\u00e9l\u00e8bres musiques de Zelda, Mario, Cuphead\u2026<\/p>\n<p>\u00c0 0\u00a0h\u00a030, l\u2019\u00e9glise se m\u00e9tamorphosera une nouvelle fois. Vid\u00e9e de ses chaises, la nef se remplira de transats et de matelas de sol acquis pour l\u2019occasion. Une centaine de chanceux \u2013 il ne reste que quelques places \u00e0 prendre\u00a0! \u2013 pourront venir s\u2019y allonger avec leur sac de couchage. Berc\u00e9s par du chant gr\u00e9gorien et de l\u2019orgue, d\u20191\u00a0h \u00e0 3\u00a0h du matin, puis par des chants d\u2019oiseaux enregistr\u00e9s\u2026 De quoi passer une nuit inoubliable, avant un petit-d\u00e9jeuner partag\u00e9 \u00e0 la chapelle \u00e0 7\u00a0h.<\/p>\n<p class=\"note\">Nuit blanche, samedi 24\u00a0mai de 20\u00a0h \u00e0 7\u00a0h \u00e0 Saint-Guillaume 1 rue Munch \u00e0 Strasbourg. Tarifs\u00a0: de 6 \u00e0 48\u00a0\u20ac pour le Stabat Mater \u00a0; 6 \u00e0 20\u00a0\u20ac pour le r\u00e9cital jeux vid\u00e9o\u00a0; 15\u00a0\u20ac, petit-d\u00e9jeuner inclus, pour la nuit de 1\u00a0h \u00e0 7 h. <a href=\"https:\/\/www.passions-croisees.com\/\" target=\"_blank\" rel=\"nofollow noopener\">www.passions-croisees.com<\/a><\/p>\n","protected":false},"excerpt":{"rendered":"Dormir dans une \u00e9glise, allong\u00e9 dans la nef, berc\u00e9 par la musique\u2026 Vous en avez r\u00eav\u00e9\u00a0? Ce sera&hellip;\n","protected":false},"author":2,"featured_media":87609,"comment_status":"","ping_status":"","sticky":false,"template":"","format":"standard","meta":{"footnotes":""},"categories":[2820],"tags":[1111,11,2389,1687,2880,1777,674,107,1011,27,775,1757,873,12,2661,5889,25,104,3140,640,2879],"class_list":{"0":"post-87608","1":"post","2":"type-post","3":"status-publish","4":"format-standard","5":"has-post-thumbnail","7":"category-strasbourg","8":"tag-actu","9":"tag-actualites","10":"tag-alsace","11":"tag-culture-loisirs","12":"tag-edition-strasbourg","13":"tag-eu","14":"tag-europe","15":"tag-fil-info","16":"tag-fr","17":"tag-france","18":"tag-grand-est","19":"tag-insolite","20":"tag-musique","21":"tag-news","22":"tag-patrimoine-culturel","23":"tag-religion-croyance","24":"tag-republique-francaise","25":"tag-societe","26":"tag-spectacle","27":"tag-strasbourg","28":"tag-strasbourg-ville"},"share_on_mastodon":{"url":"https:\/\/pubeurope.com\/@fr\/114479687571191002","error":""},"_links":{"self":[{"href":"https:\/\/www.europesays.com\/fr\/wp-json\/wp\/v2\/posts\/87608","targetHints":{"allow":["GET"]}}],"collection":[{"href":"https:\/\/www.europesays.com\/fr\/wp-json\/wp\/v2\/posts"}],"about":[{"href":"https:\/\/www.europesays.com\/fr\/wp-json\/wp\/v2\/types\/post"}],"author":[{"embeddable":true,"href":"https:\/\/www.europesays.com\/fr\/wp-json\/wp\/v2\/users\/2"}],"replies":[{"embeddable":true,"href":"https:\/\/www.europesays.com\/fr\/wp-json\/wp\/v2\/comments?post=87608"}],"version-history":[{"count":0,"href":"https:\/\/www.europesays.com\/fr\/wp-json\/wp\/v2\/posts\/87608\/revisions"}],"wp:featuredmedia":[{"embeddable":true,"href":"https:\/\/www.europesays.com\/fr\/wp-json\/wp\/v2\/media\/87609"}],"wp:attachment":[{"href":"https:\/\/www.europesays.com\/fr\/wp-json\/wp\/v2\/media?parent=87608"}],"wp:term":[{"taxonomy":"category","embeddable":true,"href":"https:\/\/www.europesays.com\/fr\/wp-json\/wp\/v2\/categories?post=87608"},{"taxonomy":"post_tag","embeddable":true,"href":"https:\/\/www.europesays.com\/fr\/wp-json\/wp\/v2\/tags?post=87608"}],"curies":[{"name":"wp","href":"https:\/\/api.w.org\/{rel}","templated":true}]}}