{"id":87632,"date":"2025-05-09T20:20:09","date_gmt":"2025-05-09T20:20:09","guid":{"rendered":"https:\/\/www.europesays.com\/fr\/87632\/"},"modified":"2025-05-09T20:20:09","modified_gmt":"2025-05-09T20:20:09","slug":"le-trafic-de-drogue-regagne-du-terrain-a-la-cite-de-la-castellane","status":"publish","type":"post","link":"https:\/\/www.europesays.com\/fr\/87632\/","title":{"rendered":"le trafic de drogue regagne du terrain \u00e0 la cit\u00e9 de la Castellane"},"content":{"rendered":"<p>Le \u00ab\u00a0coup dur\u00a0\u00bb, \u00ab\u00a0sinon mortel\u00a0\u00bb, port\u00e9 au r\u00e9seau de la Castellane n\u2019\u00e9tait certainement pas un coup de gr\u00e2ce. Deux semaines apr\u00e8s <a href=\"https:\/\/www.laprovence.com\/article\/faits-divers-justice\/6644032720070514\/du-trafic-de-stupefiants-au-capitalisme-criminel-chute-dun-empire-a-la-castellane-a-marseille\" target=\"_blank\" rel=\"nofollow noopener\">l\u2019annonce par le ministre de l\u2019Int\u00e9rieur d\u2019un vaste coup de filet <\/a>ciblant les cadres de la puissante organisation, le trafic a repris du poil de la b\u00eate dans cette cit\u00e9 du 16e arrondissement, devenue depuis un an et la visite du pr\u00e9sident Macron, un symbole de la lutte contre le trafic de stup\u00e9fiants.<\/p>\n<p>Le 5\u00a0mai, <a href=\"https:\/\/www.laprovence.com\/article\/faits-divers-justice\/633486763008314\/info-la-provence-un-homme-crible-de-balles-a-la-castellane-a-marseille\" target=\"_blank\" rel=\"nofollow noopener\">une fusillade a m\u00eame \u00e9clat\u00e9 aux portes de la cit\u00e9<\/a>, blessant gri\u00e8vement un jeune guetteur &#8211; une premi\u00e8re ici, depuis plus de 7\u00a0ans.<\/p>\n","protected":false},"excerpt":{"rendered":"Le \u00ab\u00a0coup dur\u00a0\u00bb, \u00ab\u00a0sinon mortel\u00a0\u00bb, port\u00e9 au r\u00e9seau de la Castellane n\u2019\u00e9tait certainement pas un coup de gr\u00e2ce.&hellip;\n","protected":false},"author":2,"featured_media":87633,"comment_status":"","ping_status":"","sticky":false,"template":"","format":"standard","meta":{"footnotes":""},"categories":[2814],"tags":[17,1111,11,4110,11911,1052,1777,674,274,1011,27,884,12,882,19752,25,3945,1097],"class_list":{"0":"post-87632","1":"post","2":"type-post","3":"status-publish","4":"format-standard","5":"has-post-thumbnail","7":"category-marseille","8":"tag-17","9":"tag-actu","10":"tag-actualites","11":"tag-castellane","12":"tag-cite","13":"tag-drogue","14":"tag-eu","15":"tag-europe","16":"tag-faits-divers-justice","17":"tag-fr","18":"tag-france","19":"tag-marseille","20":"tag-news","21":"tag-provence-alpes-cote-dazur","22":"tag-regagne","23":"tag-republique-francaise","24":"tag-terrain","25":"tag-trafic"},"share_on_mastodon":{"url":"https:\/\/pubeurope.com\/@fr\/114479734706046852","error":""},"_links":{"self":[{"href":"https:\/\/www.europesays.com\/fr\/wp-json\/wp\/v2\/posts\/87632","targetHints":{"allow":["GET"]}}],"collection":[{"href":"https:\/\/www.europesays.com\/fr\/wp-json\/wp\/v2\/posts"}],"about":[{"href":"https:\/\/www.europesays.com\/fr\/wp-json\/wp\/v2\/types\/post"}],"author":[{"embeddable":true,"href":"https:\/\/www.europesays.com\/fr\/wp-json\/wp\/v2\/users\/2"}],"replies":[{"embeddable":true,"href":"https:\/\/www.europesays.com\/fr\/wp-json\/wp\/v2\/comments?post=87632"}],"version-history":[{"count":0,"href":"https:\/\/www.europesays.com\/fr\/wp-json\/wp\/v2\/posts\/87632\/revisions"}],"wp:featuredmedia":[{"embeddable":true,"href":"https:\/\/www.europesays.com\/fr\/wp-json\/wp\/v2\/media\/87633"}],"wp:attachment":[{"href":"https:\/\/www.europesays.com\/fr\/wp-json\/wp\/v2\/media?parent=87632"}],"wp:term":[{"taxonomy":"category","embeddable":true,"href":"https:\/\/www.europesays.com\/fr\/wp-json\/wp\/v2\/categories?post=87632"},{"taxonomy":"post_tag","embeddable":true,"href":"https:\/\/www.europesays.com\/fr\/wp-json\/wp\/v2\/tags?post=87632"}],"curies":[{"name":"wp","href":"https:\/\/api.w.org\/{rel}","templated":true}]}}