{"id":87636,"date":"2025-05-09T20:22:26","date_gmt":"2025-05-09T20:22:26","guid":{"rendered":"https:\/\/www.europesays.com\/fr\/87636\/"},"modified":"2025-05-09T20:22:26","modified_gmt":"2025-05-09T20:22:26","slug":"lyon-la-prefecture-opposee-a-lombriere-place-bellecour-na-pas-voulu-bloquer-le-projet","status":"publish","type":"post","link":"https:\/\/www.europesays.com\/fr\/87636\/","title":{"rendered":"Lyon. La pr\u00e9fecture, oppos\u00e9e \u00e0 l\u2019ombri\u00e8re place Bellecour, n\u2019a pas voulu \u00ab\u00a0bloquer le projet\u00a0\u00bb"},"content":{"rendered":"<p>Le 6\u00a0janvier 2025, les architectes des b\u00e2timents de France ont donn\u00e9 un avis favorable au projet d\u2019ombri\u00e8re g\u00e9ante voulue par le maire de Lyon, place Bellecour. Mais comme il s\u2019agit d\u2019un site class\u00e9, <a href=\"https:\/\/www.legifrance.gouv.fr\/codes\/id\/LEGISCTA000006189090\" target=\"_blank\" rel=\"noopener\">la commission d\u00e9partementale de la nature, des paysages et des sites,<\/a> qui se r\u00e9unit, le 15\u00a0janvier 2025, sous la houlette de Charlotte Cr\u00e9pon, la sous-pr\u00e9f\u00e8te du Rh\u00f4ne, doit aussi donner son feu vert.<\/p>\n<p>Derri\u00e8re leurs \u00e9crans, puisque la r\u00e9union se tient \u00e0 distance\u00a0: <a href=\"https:\/\/www.grandlyon.com\/elu\/jean-claude-ray\" target=\"_blank\" rel=\"noopener\">Jean-Claude Ray<\/a>, conseiller m\u00e9tropolitain \u00e9cologiste, Fr\u00e9d\u00e9ric Pronch\u00e9ry, \u00e9lu d\u00e9partemental, R\u00e9gis Chambe, pr\u00e9sident de l\u2019intercommunalit\u00e9 des monts du Lyonnais, Bruno Dumetier, architecte, le d\u00e9l\u00e9gu\u00e9 de l\u2019association des <a href=\"https:\/\/www.leprogres.fr\/societe\/2023\/10\/17\/le-prix-vieilles-maisons-francaises-revient-a-bruno-de-brosse-pour-le-domaine-de-saconay-a-pomeys\" target=\"_blank\" rel=\"noopener\">Vieilles maisons fran\u00e7aises<\/a> , Denis Eyraud, architecte de m\u00e9tier et pr\u00e9sident alors de l\u2019union des comit\u00e9s d\u2019int\u00e9r\u00eats locaux ou encore des repr\u00e9sentants de la chambre d\u2019agriculture, du parc r\u00e9gional du Pilat et de l\u2019\u00c9tat. <a href=\"https:\/\/www.rhone.gouv.fr\/Actions-de-l-Etat\/Environnement-developpement-durable-risques-naturels-et-technologiques\/La-commission-departementale-de-la-nature-des-sites-et-des-paysages-CDNPS\/Definition-de-la-CDNPS\" target=\"_blank\" rel=\"noopener\">En tout, 13 votants<\/a>.<\/p>\n<p>L\u2019acc\u00e8s \u00e0 Bellecour sera-t-il garanti aux manifestants\u00a0?<\/p>\n<p>\u00ab\u00a0Les services&#8230;<\/p>\n","protected":false},"excerpt":{"rendered":"Le 6\u00a0janvier 2025, les architectes des b\u00e2timents de France ont donn\u00e9 un avis favorable au projet d\u2019ombri\u00e8re g\u00e9ante&hellip;\n","protected":false},"author":2,"featured_media":87637,"comment_status":"","ping_status":"","sticky":false,"template":"","format":"standard","meta":{"footnotes":""},"categories":[1889],"tags":[1111,11,2430,2757,1777,674,107,1011,27,3539,2428,12354,12353,12,316,25,2429],"class_list":{"0":"post-87636","1":"post","2":"type-post","3":"status-publish","4":"format-standard","5":"has-post-thumbnail","7":"category-lyon","8":"tag-actu","9":"tag-actualites","10":"tag-auvergne-rhone-alpes","11":"tag-edition-lyon-villeurbanne","12":"tag-eu","13":"tag-europe","14":"tag-fil-info","15":"tag-fr","16":"tag-france","17":"tag-les-ecologistes","18":"tag-lyon","19":"tag-lyon-2e","20":"tag-lyon-2e-arrondissement","21":"tag-news","22":"tag-politique","23":"tag-republique-francaise","24":"tag-rhone"},"share_on_mastodon":{"url":"https:\/\/pubeurope.com\/@fr\/114479742638646147","error":""},"_links":{"self":[{"href":"https:\/\/www.europesays.com\/fr\/wp-json\/wp\/v2\/posts\/87636","targetHints":{"allow":["GET"]}}],"collection":[{"href":"https:\/\/www.europesays.com\/fr\/wp-json\/wp\/v2\/posts"}],"about":[{"href":"https:\/\/www.europesays.com\/fr\/wp-json\/wp\/v2\/types\/post"}],"author":[{"embeddable":true,"href":"https:\/\/www.europesays.com\/fr\/wp-json\/wp\/v2\/users\/2"}],"replies":[{"embeddable":true,"href":"https:\/\/www.europesays.com\/fr\/wp-json\/wp\/v2\/comments?post=87636"}],"version-history":[{"count":0,"href":"https:\/\/www.europesays.com\/fr\/wp-json\/wp\/v2\/posts\/87636\/revisions"}],"wp:featuredmedia":[{"embeddable":true,"href":"https:\/\/www.europesays.com\/fr\/wp-json\/wp\/v2\/media\/87637"}],"wp:attachment":[{"href":"https:\/\/www.europesays.com\/fr\/wp-json\/wp\/v2\/media?parent=87636"}],"wp:term":[{"taxonomy":"category","embeddable":true,"href":"https:\/\/www.europesays.com\/fr\/wp-json\/wp\/v2\/categories?post=87636"},{"taxonomy":"post_tag","embeddable":true,"href":"https:\/\/www.europesays.com\/fr\/wp-json\/wp\/v2\/tags?post=87636"}],"curies":[{"name":"wp","href":"https:\/\/api.w.org\/{rel}","templated":true}]}}