{"id":87646,"date":"2025-05-09T20:27:10","date_gmt":"2025-05-09T20:27:10","guid":{"rendered":"https:\/\/www.europesays.com\/fr\/87646\/"},"modified":"2025-05-09T20:27:10","modified_gmt":"2025-05-09T20:27:10","slug":"jeune-homme-tue-pour-un-velo-a-paris-le-suspect-place-en-detention-provisoire","status":"publish","type":"post","link":"https:\/\/www.europesays.com\/fr\/87646\/","title":{"rendered":"Jeune homme tu\u00e9 pour un v\u00e9lo\u00a0\u00e0 Paris\u00a0: le suspect plac\u00e9 en d\u00e9tention provisoire"},"content":{"rendered":"<p class=\"paragraph text_align_left\">\u00c0 peine le temps d\u2019apercevoir ce grand gaillard, flanqu\u00e9 d\u2019un sweat \u00e0 capuche bleu marine et d\u2019un bas de jogging noir, accoud\u00e9 aux vitres du box des pr\u00e9venus, que son avocat a sollicit\u00e9 le huis clos, au regard du profil psychologique de son client, qui serait atteint d\u2019un syndrome de pers\u00e9cution. Ni la repr\u00e9sentante du parquet, ni la juge des libert\u00e9s et de la d\u00e9tention n\u2019y ont vu d\u2019objections, ce vendredi soir, au tribunal judiciaire de Paris.<\/p>\n<p class=\"paragraph text_align_left\">Les d\u00e9bats sur l\u2019avenir de cet homme, \u00e2g\u00e9 de 28 ans, mis en examen quelques minutes auparavant pour \u00ab meurtre \u00bb sur un jeune de 22 ans, commis <a href=\"https:\/\/www.leparisien.fr\/faits-divers\/paris-un-jeune-de-22-ans-tue-dun-coup-de-couteau-a-la-gorge-pour-une-histoire-de-velo-07-05-2025-ND2KQ453KBBTXC2RSCLEDTUO6A.php\" target=\"_blank\" rel=\"nofollow noopener\">dans la nuit de mardi au mercredi 7 mai<\/a>, porte de Pantin, dans le <a href=\"https:\/\/www.leparisien.fr\/paris-75\/paris-75019\/\" target=\"_blank\" rel=\"nofollow noopener\">XIXe<\/a> arrondissement de Paris, ont donc eu lieu \u00e0 l\u2019abri des regards.<\/p>\n","protected":false},"excerpt":{"rendered":"\u00c0 peine le temps d\u2019apercevoir ce grand gaillard, flanqu\u00e9 d\u2019un sweat \u00e0 capuche bleu marine et d\u2019un bas&hellip;\n","protected":false},"author":2,"featured_media":87647,"comment_status":"","ping_status":"","sticky":false,"template":"","format":"standard","meta":{"footnotes":""},"categories":[1888],"tags":[11,1777,674,118,1011,27,1944,12,626,25],"class_list":{"0":"post-87646","1":"post","2":"type-post","3":"status-publish","4":"format-standard","5":"has-post-thumbnail","7":"category-paris","8":"tag-actualites","9":"tag-eu","10":"tag-europe","11":"tag-faits-divers","12":"tag-fr","13":"tag-france","14":"tag-ma-ville","15":"tag-news","16":"tag-paris","17":"tag-republique-francaise"},"share_on_mastodon":{"url":"https:\/\/pubeurope.com\/@fr\/114479762302544120","error":""},"_links":{"self":[{"href":"https:\/\/www.europesays.com\/fr\/wp-json\/wp\/v2\/posts\/87646","targetHints":{"allow":["GET"]}}],"collection":[{"href":"https:\/\/www.europesays.com\/fr\/wp-json\/wp\/v2\/posts"}],"about":[{"href":"https:\/\/www.europesays.com\/fr\/wp-json\/wp\/v2\/types\/post"}],"author":[{"embeddable":true,"href":"https:\/\/www.europesays.com\/fr\/wp-json\/wp\/v2\/users\/2"}],"replies":[{"embeddable":true,"href":"https:\/\/www.europesays.com\/fr\/wp-json\/wp\/v2\/comments?post=87646"}],"version-history":[{"count":0,"href":"https:\/\/www.europesays.com\/fr\/wp-json\/wp\/v2\/posts\/87646\/revisions"}],"wp:featuredmedia":[{"embeddable":true,"href":"https:\/\/www.europesays.com\/fr\/wp-json\/wp\/v2\/media\/87647"}],"wp:attachment":[{"href":"https:\/\/www.europesays.com\/fr\/wp-json\/wp\/v2\/media?parent=87646"}],"wp:term":[{"taxonomy":"category","embeddable":true,"href":"https:\/\/www.europesays.com\/fr\/wp-json\/wp\/v2\/categories?post=87646"},{"taxonomy":"post_tag","embeddable":true,"href":"https:\/\/www.europesays.com\/fr\/wp-json\/wp\/v2\/tags?post=87646"}],"curies":[{"name":"wp","href":"https:\/\/api.w.org\/{rel}","templated":true}]}}