{"id":876554,"date":"2026-04-18T04:24:23","date_gmt":"2026-04-18T04:24:23","guid":{"rendered":"https:\/\/www.europesays.com\/fr\/876554\/"},"modified":"2026-04-18T04:24:23","modified_gmt":"2026-04-18T04:24:23","slug":"a57-fermeture-entre-puget-ville-n10-et-bifurcation-a8-direction-nice-aix","status":"publish","type":"post","link":"https:\/\/www.europesays.com\/fr\/876554\/","title":{"rendered":"A57 fermeture entre Puget Ville N\u00b010 et bifurcation A8 direction Nice\/Aix"},"content":{"rendered":"<ol class=\"breadcrumb\" itemscope=\"\" itemtype=\"https:\/\/schema.org\/BreadcrumbList\">\n<li itemprop=\"itemListElement\" itemscope=\"\" itemtype=\"https:\/\/schema.org\/ListItem\">\n                    <a itemprop=\"item\" href=\"https:\/\/radio.vinci-autoroutes.com\/\" rel=\"nofollow noopener\" target=\"_blank\"><br \/>\n                        Accueil<br \/>\n                    <\/a><\/p>\n<\/li>\n<li itemprop=\"itemListElement\" itemscope=\"\" itemtype=\"https:\/\/schema.org\/ListItem\">\n                        <a itemprop=\"item\" href=\"https:\/\/radio.vinci-autoroutes.com\/rubrique\/infotrafic\" rel=\"nofollow noopener\" target=\"_blank\"><br \/>\n                            Actu trafic<br \/>\n                        <\/a><\/p>\n<\/li>\n<li itemprop=\"itemListElement\" itemscope=\"\" itemtype=\"https:\/\/schema.org\/ListItem\">\n                        <a itemprop=\"item\" href=\"https:\/\/radio.vinci-autoroutes.com\/rubrique\/travaux\" rel=\"nofollow noopener\" target=\"_blank\"><br \/>\n                            Travaux<br \/>\n                        <\/a><\/p>\n<\/li>\n<\/ol>\n<p class=\"article-chapeau\" itemprop=\"description\">Dans le Var, les nuits du lundi 20 au jeudi 23 avril, \u00e0 partir de 21h et au plus tard jusqu&rsquo;\u00e0 05h du matin, l&rsquo;autoroute A57 est ferm\u00e9e, en direction d&rsquo;Aix-en-Provence et Nice, entre Puget-Ville N\u00b010 et la bifurcation avec l&rsquo;A8 pour effectuer des travaux sur la chauss\u00e9e.<\/p>\n<p class=\"article-author\">Auteur : Rapha\u00ebl Val\u00e9<\/p>\n<p class=\"article-modification\">\n        Publi\u00e9 le :<\/p>\n<p>            18\/04\/2026 06:00\n        <\/p>\n<p>                <img decoding=\"async\" src=\"https:\/\/www.europesays.com\/fr\/wp-content\/uploads\/2025\/04\/M-nuit-balisage-homme.jpg\" alt=\"A57 fermeture entre Puget Ville N\u00b010 et bifurcation A8 direction Nice\/Aix\"\/><\/p>\n<p>                                                    0:21\n                                            <\/p>\n<p class=\"legende\">Op\u00e9ration de balisage par un op\u00e9rateur de nuit sur la chauss\u00e9e<\/p>\n<p>                            \u00a9 VINCI Autoroutes                        <\/p>\n<p>\n        Vous devez obligatoirement sortir \u00e0 Puget-Ville, puis emprunter le r\u00e9seau secondaire pour rejoindre l&rsquo;A8 \u00e0 Brignoles n\u00b035.    <\/p>\n<p>            Pour approfondir le sujet<\/p>\n<p>        Partager cet article<\/p>\n","protected":false},"excerpt":{"rendered":"Accueil Actu trafic Travaux Dans le Var, les nuits du lundi 20 au jeudi 23 avril, \u00e0 partir&hellip;\n","protected":false},"author":2,"featured_media":28035,"comment_status":"","ping_status":"","sticky":false,"template":"","format":"standard","meta":{"footnotes":"","_share_on_mastodon":"0"},"categories":[2819],"tags":[1111,11,58575,13635,2834,1777,674,13407,1011,27,9272,9865,12,2401,35025,882,31555,25,4824],"class_list":["post-876554","post","type-post","status-publish","format-standard","has-post-thumbnail","category-nice","tag-actu","tag-actualites","tag-bifurcation","tag-direction","tag-entre","tag-eu","tag-europe","tag-fermeture","tag-fr","tag-france","tag-jeudi","tag-lundi","tag-news","tag-nice","tag-nuits","tag-provence-alpes-cote-dazur","tag-puget","tag-republique-francaise","tag-ville"],"share_on_mastodon":{"url":"https:\/\/pubeurope.com\/@fr\/116423810427508039","error":""},"_links":{"self":[{"href":"https:\/\/www.europesays.com\/fr\/wp-json\/wp\/v2\/posts\/876554","targetHints":{"allow":["GET"]}}],"collection":[{"href":"https:\/\/www.europesays.com\/fr\/wp-json\/wp\/v2\/posts"}],"about":[{"href":"https:\/\/www.europesays.com\/fr\/wp-json\/wp\/v2\/types\/post"}],"author":[{"embeddable":true,"href":"https:\/\/www.europesays.com\/fr\/wp-json\/wp\/v2\/users\/2"}],"replies":[{"embeddable":true,"href":"https:\/\/www.europesays.com\/fr\/wp-json\/wp\/v2\/comments?post=876554"}],"version-history":[{"count":0,"href":"https:\/\/www.europesays.com\/fr\/wp-json\/wp\/v2\/posts\/876554\/revisions"}],"wp:featuredmedia":[{"embeddable":true,"href":"https:\/\/www.europesays.com\/fr\/wp-json\/wp\/v2\/media\/28035"}],"wp:attachment":[{"href":"https:\/\/www.europesays.com\/fr\/wp-json\/wp\/v2\/media?parent=876554"}],"wp:term":[{"taxonomy":"category","embeddable":true,"href":"https:\/\/www.europesays.com\/fr\/wp-json\/wp\/v2\/categories?post=876554"},{"taxonomy":"post_tag","embeddable":true,"href":"https:\/\/www.europesays.com\/fr\/wp-json\/wp\/v2\/tags?post=876554"}],"curies":[{"name":"wp","href":"https:\/\/api.w.org\/{rel}","templated":true}]}}