{"id":87675,"date":"2025-05-09T20:42:14","date_gmt":"2025-05-09T20:42:14","guid":{"rendered":"https:\/\/www.europesays.com\/fr\/87675\/"},"modified":"2025-05-09T20:42:14","modified_gmt":"2025-05-09T20:42:14","slug":"atp-rome-tsitsipas-sur-badosa-sa-petite-amie-elle-etait-tres-naive-et-tetue-quand-cest-arrive","status":"publish","type":"post","link":"https:\/\/www.europesays.com\/fr\/87675\/","title":{"rendered":"ATP &#8211; Rome > Tsitsipas sur Badosa, sa petite amie : \u00ab\u00a0Elle \u00e9tait tr\u00e8s na\u00efve et t\u00eatue quand\u00a0c\u2019est\u00a0arriv\u00e9\u00a0\u00bb"},"content":{"rendered":"<p>Attendue \u00e0 Rome pour enfin lancer sa saison sur terre battue, <a href=\"https:\/\/www.welovetennis.fr\/wta\/wta-rome\/quatrieme-forfait-consecutif-inquietant-a-trois-semaines-de-roland-garros#google_vignette\" data-wpel-link=\"internal\" rel=\"nofollow noopener\" target=\"_blank\">Paula Badosa n\u2019a eu d\u2019autres choix que de d\u00e9clarer forfait une nouvelle fois<\/a>. Insuffisamment remise de sa bles\u00adsure au dos, la 10e joueuse mondiale a pr\u00e9f\u00e9r\u00e9 ne prendre aucun risque.<\/p>\n<p>Oppos\u00e9 \u00e0 Alexandre Muller pour son entr\u00e9e en lice, Stefanos Tsitsipas a donn\u00e9 des nouvelles rassu\u00adrantes de sa compagne, en inter\u00adview sur le court, apr\u00e8s sa victoire.<\/p>\n<p><strong>\u00ab\u202fJ\u2019ai l\u2019im\u00adpres\u00adsion qu\u2019en ce moment, elle est tr\u00e8s proche des 100% mais pas main\u00adte\u00adnant. J\u2019ai fait de mon mieux pour la soutenir de toutes les mani\u00e8res possibles et imagi\u00adnables. Elle seule conna\u00eet ses limites. Je pense qu\u2019elle est intel\u00adli\u00adgente. Elle \u00e9tait tr\u00e8s na\u00efve et t\u00eatue quand c\u2019est arriv\u00e9 il y a environ deux ans. Elle voulait vrai\u00adment revenir le plus vite possible. Je me souviens lui avoir dit qu\u2019elle se pr\u00e9ci\u00adpi\u00adtait et qu\u2019elle faisait les choses trop vite. Je suis heureux qu\u2019elle ait appris \u00e0 \u00e9couter son corps et qu\u2019elle sache comment r\u00e9agir \u00e0 la douleur et \u00e0 l\u2019in\u00adcon\u00adfort qu\u2019elle peut ressentir. Je suis donc heureux qu\u2019elle prenne le temps n\u00e9ces\u00adsaire pour\u00a0\u00eatre\u00a0\u00e0\u00a0100\u202f%\u202f\u00bb<\/strong>, a comment\u00e9 le double fina\u00adliste en Grand Chelem, dans des propos rapport\u00e9s par <a href=\"https:\/\/www.tennis.com\/news\/articles\/stefanos-tsitsipas-girlfriend-paula-badosa-close-to-100-rome-withdrawal\" data-wpel-link=\"external\" target=\"_blank\" rel=\"nofollow external noopener\">Tennis.com<\/a>.<\/p>\n<p>Sauf retour\u00adne\u00adment de situa\u00adtion, Paula Badosa devrait faire son retour \u00e0 la comp\u00e9\u00adti\u00adtion au WTA 500 de Strasbourg. Une excel\u00adlente pr\u00e9pa\u00adra\u00adtion pour Roland\u2010Garros, <a href=\"https:\/\/www.welovetennis.fr\/wta\/wta-strasbourg\/une-nouvelle-grande-star-arrive-en-alsace\" data-wpel-link=\"internal\" rel=\"nofollow noopener\" target=\"_blank\">avec un plateau tr\u00e8s relev\u00e9<\/a>.<\/p>\n<p class=\"post-published-date\" style=\"color: silver; font-size: 75%; text-align: left;\">Publi\u00e9 le vendredi 9 mai 2025 \u00e0 19:15<\/p>\n","protected":false},"excerpt":{"rendered":"Attendue \u00e0 Rome pour enfin lancer sa saison sur terre battue, Paula Badosa n\u2019a eu d\u2019autres choix que&hellip;\n","protected":false},"author":2,"featured_media":28247,"comment_status":"","ping_status":"","sticky":false,"template":"","format":"standard","meta":{"footnotes":""},"categories":[1415],"tags":[13215,1011,27,60,1467,5443],"class_list":{"0":"post-87675","1":"post","2":"type-post","3":"status-publish","4":"format-standard","5":"has-post-thumbnail","7":"category-tennis","8":"tag-badosa","9":"tag-fr","10":"tag-france","11":"tag-sports","12":"tag-tennis","13":"tag-tsitsipas"},"share_on_mastodon":{"url":"https:\/\/pubeurope.com\/@fr\/114479821154846724","error":""},"_links":{"self":[{"href":"https:\/\/www.europesays.com\/fr\/wp-json\/wp\/v2\/posts\/87675","targetHints":{"allow":["GET"]}}],"collection":[{"href":"https:\/\/www.europesays.com\/fr\/wp-json\/wp\/v2\/posts"}],"about":[{"href":"https:\/\/www.europesays.com\/fr\/wp-json\/wp\/v2\/types\/post"}],"author":[{"embeddable":true,"href":"https:\/\/www.europesays.com\/fr\/wp-json\/wp\/v2\/users\/2"}],"replies":[{"embeddable":true,"href":"https:\/\/www.europesays.com\/fr\/wp-json\/wp\/v2\/comments?post=87675"}],"version-history":[{"count":0,"href":"https:\/\/www.europesays.com\/fr\/wp-json\/wp\/v2\/posts\/87675\/revisions"}],"wp:featuredmedia":[{"embeddable":true,"href":"https:\/\/www.europesays.com\/fr\/wp-json\/wp\/v2\/media\/28247"}],"wp:attachment":[{"href":"https:\/\/www.europesays.com\/fr\/wp-json\/wp\/v2\/media?parent=87675"}],"wp:term":[{"taxonomy":"category","embeddable":true,"href":"https:\/\/www.europesays.com\/fr\/wp-json\/wp\/v2\/categories?post=87675"},{"taxonomy":"post_tag","embeddable":true,"href":"https:\/\/www.europesays.com\/fr\/wp-json\/wp\/v2\/tags?post=87675"}],"curies":[{"name":"wp","href":"https:\/\/api.w.org\/{rel}","templated":true}]}}