{"id":87691,"date":"2025-05-09T20:52:08","date_gmt":"2025-05-09T20:52:08","guid":{"rendered":"https:\/\/www.europesays.com\/fr\/87691\/"},"modified":"2025-05-09T20:52:08","modified_gmt":"2025-05-09T20:52:08","slug":"anne-elisabeth-lemoine-hilare-face-a-la-mascotte-de-leurovision-2025","status":"publish","type":"post","link":"https:\/\/www.europesays.com\/fr\/87691\/","title":{"rendered":"Anne-\u00c9lisabeth Lemoine hilare face \u00e0 la mascotte de l\u2019Eurovision 2025"},"content":{"rendered":"<p><strong>VID\u00c9O<\/strong> &#8211; La vid\u00e9o partag\u00e9e par les organisateurs du concours montrant Lumo a provoqu\u00e9 un fou rire dans \u00abC \u00e0 vous\u00bb ce vendredi soir.<\/p>\n<p class=\"fig-paragraph\">Comment ne pas rire\u00a0? La rubrique \u00ab5\/5\u00bb de\u00a0<a href=\"http:\/\/tvmag.lefigaro.fr\/programme-tv\/actu-tele\/vous-avez-denature-mes-propos-monsieur-eric-dupond-moretti-recadre-fermement-le-journaliste-lorrain-senechal-dans-c-a-vous-20241212\" target=\"_blank\" data-fig-type=\"Article\" rel=\"noopener\" data-gtm-custom-categorie=\"navigation\" data-gtm-custom-action=\"crossclick\" data-gtm-custom-label=\"Contextuel\" data-gtm-event=\"customEventSPE\" data-fig-domain=\"TVMAG\">Lorrain S\u00e9n\u00e9chal<\/a>\u00a0faisait monter la sauce ce vendredi 9 mai, \u00e0 l\u2019approche du concours de l\u2019<a href=\"http:\/\/tvmag.lefigaro.fr\/programme-tv\/actu-tele\/eurovision-2025-72-anciens-participants-demandent-l-exclusion-d-israel-du-concours-20250507\" target=\"_blank\" data-fig-type=\"Article\" rel=\"noopener\" data-gtm-custom-categorie=\"navigation\" data-gtm-custom-action=\"crossclick\" data-gtm-custom-label=\"Contextuel\" data-gtm-event=\"customEventSPE\" data-fig-domain=\"TVMAG\">Eurovision<\/a>\u00a0qui se tiendra \u00e0 B\u00e2le dans 8 jours. Mais, entre des tweets sur la potentielle pr\u00e9sence de\u00a0<a href=\"http:\/\/tvmag.lefigaro.fr\/programme-tv\/people\/eurovision-37-ans-apres-sa-victoire-celine-dion-prendrait-part-a-l-evenement-20250308\" target=\"_blank\" data-fig-type=\"Article\" rel=\"noopener\" data-gtm-custom-categorie=\"navigation\" data-gtm-custom-action=\"crossclick\" data-gtm-custom-label=\"Contextuel\" data-gtm-event=\"customEventSPE\" data-fig-domain=\"TVMAG\">C\u00e9line Dion<\/a>\u00a0et des images d\u2019une soir\u00e9e \u00abseventies\u00bb organis\u00e9e dans la m\u00e9tropole suisse dans le cadre de l\u2019\u00e9v\u00e9nement t\u00e9l\u00e9vis\u00e9, le journaliste a gliss\u00e9 une vid\u00e9o de la mascotte de cette \u00e9dition 2025 dont l\u2019\u00e9trange originalit\u00e9 a provoqu\u00e9 son petit effet sur le plateau de \u00abC \u00e0 vous\u00bb.<\/p>\n<p class=\"fig-paragraph\">La rumeur n\u2019en finit plus d\u2019enfler.\u00a0<a href=\"http:\/\/tvmag.lefigaro.fr\/programme-tv\/people\/eurovision-37-ans-apres-sa-victoire-celine-dion-prendrait-part-a-l-evenement-20250308\" target=\"_blank\" data-fig-type=\"Article\" rel=\"noopener\" data-gtm-custom-categorie=\"navigation\" data-gtm-custom-action=\"crossclick\" data-gtm-custom-label=\"Contextuel\" data-gtm-event=\"customEventSPE\" data-fig-domain=\"TVMAG\">C\u00e9line Dion pourrait s\u2019inviter \u00e0 la soir\u00e9e de l\u2019Eurovision samedi prochain<\/a>. \u00abLes organisateurs laissent planer le doute\u00bb, commente le chroniqueur \u00e0 l\u2019antenne alors qu\u2019une s\u00e9quence \u00e0 l\u2019\u00e9cran montre la r\u00e9ponse de Moritz Stadler, co-producteur ex\u00e9cutif de l\u2019Eurovision 2025, \u00e0 cette interrogation. Quoi qu\u2019il en soit, les internautes et les fans sont en feu \u00e0 l\u2019id\u00e9e d\u2019une potentielle apparition de celle qui avait soulev\u00e9 le troph\u00e9e en 1988, comme en atteste un TikTok pass\u00e9 \u00e0 l\u2019antenne d\u2019une jeune femme reprenant les paroles de son titre victorieux\u00a0: Ne partez pas sans moi.<\/p>\n<p class=\"fig-body-link\">\n            \u00c0 lire aussi<br \/>\n        <a class=\"fig-body-link__link\" href=\"http:\/\/tvmag.lefigaro.fr\/programme-tv\/actu-tele\/il-ne-fallait-pas-le-dire-la-bourde-d-anne-elisabeth-lemoine-face-a-louane-a-l-approche-de-l-eurovision-20250422\" target=\"_blank\" data-fig-type=\"Article\" rel=\"noopener\" data-gtm-custom-categorie=\"navigation\" data-gtm-custom-action=\"crossclick\" data-gtm-custom-label=\"Contextuel\" data-gtm-event=\"customEventSPE\" data-fig-domain=\"TVMAG\">\u00abIl ne fallait pas le dire\u00a0?\u00bb\u00a0: la bourde d\u2019Anne-Elisabeth Lemoine face \u00e0 Louane \u00e0 l\u2019approche de l\u2019Eurovision<br \/>\n    <\/a>\n<\/p>\n<p class=\"fig-paragraph\">Cet \u00e9lan d\u2019enthousiasme est partag\u00e9 par les habitants de B\u00e2le que Lorrain S\u00e9n\u00e9chal a montr\u00e9s en pleine goguette sur des titres des ann\u00e9es 1970 \u00e0 l\u2019occasion de l\u2019Eurovision. \u00abOn s\u2019\u00e9clate, on danse, on rit\u00bb, d\u00e9clare une femme habill\u00e9e en hippie au milieu des quelques participants \u00e9galement d\u00e9guis\u00e9s.<\/p>\n<p class=\"fig-paragraph\">Puis, c\u2019est avec un sourire amus\u00e9 que le journaliste a introduit la mascotte de l\u2019\u00e9v\u00e9nement. \u00abJe ne r\u00e9siste pas \u00e0 vous montrer les images de la mascotte de cet Eurovision, elles vont vous plaire Patrick Cohen\u00bb, plaisante Lorrain avant de compl\u00e9ter\u00a0: \u00abRegardez. Magnifique\u00a0! Elle s\u2019appelle Lumo\u00bb, indique-t-il alors que l\u2019\u00e9ditorialiste et sa comparse\u00a0<a href=\"http:\/\/tvmag.lefigaro.fr\/programme-tv\/actu-tele\/j-ai-fini-a-l-hopital-la-mesaventure-d-anne-elisabeth-lemoine-en-voulant-imiter-nadia-comaneci-20250422\" target=\"_blank\" data-fig-type=\"Article\" rel=\"noopener\" data-gtm-custom-categorie=\"navigation\" data-gtm-custom-action=\"crossclick\" data-gtm-custom-label=\"Contextuel\" data-gtm-event=\"customEventSPE\" data-fig-domain=\"TVMAG\">Anne-\u00c9lisabeth Lemoine<\/a>\u00a0partent en fou rire. \u00abMais qu\u2019est-ce que c\u2019est\u00a0?\u00bb, s\u2019interroge la pr\u00e9sentatrice, hilare. Le petit dernier de la bande de \u00abBabeth\u00bb a ajout\u00e9\u00a0: \u00abC\u2019est la pire mascotte de l\u2019histoire de l\u2019Eurovision\u00bb. Une observation qu\u2019a valid\u00e9\u00a0<a href=\"http:\/\/tvmag.lefigaro.fr\/programme-tv\/actu-tele\/supporter-patrick-cohen-soir-et-matin-le-petit-tacle-de-bertrand-chameroy-sur-france-inter-20250414\" target=\"_blank\" data-fig-type=\"Article\" rel=\"noopener\" data-gtm-custom-categorie=\"navigation\" data-gtm-custom-action=\"crossclick\" data-gtm-custom-label=\"Contextuel\" data-gtm-event=\"customEventSPE\" data-fig-domain=\"TVMAG\">Patrick Cohen<\/a>. \u00abC\u2019est pour faire peur aux enfants \u00e7a\u00bb, lance-t-il. Enfin, Anne-\u00c9lisabeth Lemoine a rebondi sur le sujet de la rubrique en disant\u00a0: \u00abSi elle voit \u00e7a, C\u00e9line Dion ne va pas venir\u00bb.<\/p>\n<p class=\"fig-paragraph\"><strong>\u00c0 VOIR AUSSI<\/strong> &#8211; \u00abC\u2019est n\u2019importe quoi\u00a0!\u00a0\u00bb\u00a0: Aur\u00e9lie Casse d\u00e9ment les rumeurs de tensions avec Anne-\u00c9lisabeth Lemoine<\/p>\n<p>\u00a0\u00bb<br \/>\n        data-script=\u00a0\u00bbhttps:\/\/static.lefigaro.fr\/widget-video\/short-ttl\/video\/index.js\u00a0\u00bb<br \/>\n    &gt;<\/p>\n","protected":false},"excerpt":{"rendered":"VID\u00c9O &#8211; La vid\u00e9o partag\u00e9e par les organisateurs du concours montrant Lumo a provoqu\u00e9 un fou rire dans&hellip;\n","protected":false},"author":2,"featured_media":87692,"comment_status":"","ping_status":"","sticky":false,"template":"","format":"standard","meta":{"footnotes":""},"categories":[1355],"tags":[497,496,5631,499,58,59,2399,1011,27,500,1361,873,504,505,495,503,502,501,498],"class_list":{"0":"post-87691","1":"post","2":"type-post","3":"status-publish","4":"format-standard","5":"has-post-thumbnail","7":"category-musique","8":"tag-actu-tv","9":"tag-actualite-tv","10":"tag-anne-elisabeth-lemoine","11":"tag-buzz-tv","12":"tag-divertissement","13":"tag-entertainment","14":"tag-eurovision","15":"tag-fr","16":"tag-france","17":"tag-medias","18":"tag-music","19":"tag-musique","20":"tag-news-tele","21":"tag-news-television","22":"tag-news-tv","23":"tag-programme-tele","24":"tag-programme-tv","25":"tag-quiz-tv","26":"tag-tv-actu"},"share_on_mastodon":{"url":"https:\/\/pubeurope.com\/@fr\/114479860564851804","error":""},"_links":{"self":[{"href":"https:\/\/www.europesays.com\/fr\/wp-json\/wp\/v2\/posts\/87691","targetHints":{"allow":["GET"]}}],"collection":[{"href":"https:\/\/www.europesays.com\/fr\/wp-json\/wp\/v2\/posts"}],"about":[{"href":"https:\/\/www.europesays.com\/fr\/wp-json\/wp\/v2\/types\/post"}],"author":[{"embeddable":true,"href":"https:\/\/www.europesays.com\/fr\/wp-json\/wp\/v2\/users\/2"}],"replies":[{"embeddable":true,"href":"https:\/\/www.europesays.com\/fr\/wp-json\/wp\/v2\/comments?post=87691"}],"version-history":[{"count":0,"href":"https:\/\/www.europesays.com\/fr\/wp-json\/wp\/v2\/posts\/87691\/revisions"}],"wp:featuredmedia":[{"embeddable":true,"href":"https:\/\/www.europesays.com\/fr\/wp-json\/wp\/v2\/media\/87692"}],"wp:attachment":[{"href":"https:\/\/www.europesays.com\/fr\/wp-json\/wp\/v2\/media?parent=87691"}],"wp:term":[{"taxonomy":"category","embeddable":true,"href":"https:\/\/www.europesays.com\/fr\/wp-json\/wp\/v2\/categories?post=87691"},{"taxonomy":"post_tag","embeddable":true,"href":"https:\/\/www.europesays.com\/fr\/wp-json\/wp\/v2\/tags?post=87691"}],"curies":[{"name":"wp","href":"https:\/\/api.w.org\/{rel}","templated":true}]}}